{"id":10218,"date":"2025-02-13T09:13:49","date_gmt":"2025-02-13T12:13:49","guid":{"rendered":"https:\/\/www.cacauechocolate.com.br\/v1\/?p=10218"},"modified":"2025-02-12T15:55:32","modified_gmt":"2025-02-12T18:55:32","slug":"jorge-amado-pablo-neruda-e-o-regalo","status":"publish","type":"post","link":"https:\/\/www.cacauechocolate.com.br\/v1\/2025\/02\/13\/jorge-amado-pablo-neruda-e-o-regalo\/","title":{"rendered":"Jorge Amado, Pablo Neruda e O Regalo"},"content":{"rendered":"<p>O Cons\u00f3rcio Cabruca, uma refer\u00eancia na exporta\u00e7\u00e3o de chocolates finos do Sul da Bahia, iniciou \u00a0as grava\u00e7\u00f5es do document\u00e1rio &#8220;O Regalo&#8221;. A obra vai explorar a rica tradi\u00e7\u00e3o da produ\u00e7\u00e3o de chocolate \u00a0de origem na regi\u00e3o, destacando a amizade de grandes figuras liter\u00e1rias como Jorge Amado e Pablo Neruda.<\/p>\n<p><img loading=\"lazy\" decoding=\"async\" class=\"aligncenter wp-image-9880\" src=\"https:\/\/www.cacauechocolate.com.br\/v1\/wp-content\/uploads\/2025\/01\/chocolates-sb-1.jpg\" alt=\"\" width=\"285\" height=\"356\" srcset=\"https:\/\/www.cacauechocolate.com.br\/v1\/wp-content\/uploads\/2025\/01\/chocolates-sb-1.jpg 765w, https:\/\/www.cacauechocolate.com.br\/v1\/wp-content\/uploads\/2025\/01\/chocolates-sb-1-240x300.jpg 240w\" sizes=\"(max-width: 285px) 100vw, 285px\" \/><\/p>\n<p>Com um roteiro de Gabriel Nascimento e dire\u00e7\u00e3o de Catharina Oliveira, o document\u00e1rio contar\u00e1 com a pesquisa de Thiago Fernandes e Henrique Oliveira, com dire\u00e7\u00e3o de fotografia de \u00a0Martone Badar\u00f3 e a produ\u00e7\u00e3o da Foco Filmes.<\/p>\n<p>As filmagens ocorrem em fazendas de cacau, f\u00e1bricas de chocolate em \u00a0locais ic\u00f4nicos de Itabuna e Ilh\u00e9us, ressaltando a import\u00e2ncia dos produtores de chocolate na forma\u00e7\u00e3o da identidade baiana.<\/p>\n<figure id=\"attachment_10170\" aria-describedby=\"caption-attachment-10170\" style=\"width: 368px\" class=\"wp-caption aligncenter\"><img loading=\"lazy\" decoding=\"async\" class=\" wp-image-10170\" src=\"https:\/\/www.cacauechocolate.com.br\/v1\/wp-content\/uploads\/2025\/02\/jorge.jpg\" alt=\"\" width=\"368\" height=\"223\" srcset=\"https:\/\/www.cacauechocolate.com.br\/v1\/wp-content\/uploads\/2025\/02\/jorge.jpg 735w, https:\/\/www.cacauechocolate.com.br\/v1\/wp-content\/uploads\/2025\/02\/jorge-300x181.jpg 300w\" sizes=\"(max-width: 368px) 100vw, 368px\" \/><figcaption id=\"caption-attachment-10170\" class=\"wp-caption-text\">Paloma Amado, Vin\u00edcius de Moraes, Pablo Neruda e Jorge Amado, em 1956, em Salvador || Foto Arquivo Nacional do Brasil<\/figcaption><\/figure>\n<p>&#8220;O Regalo&#8221; prop\u00f5e uma reflex\u00e3o sobre a felicidade que surge nas ro\u00e7as de cacau, conectando a arte liter\u00e1ria de Jorge Amado \u2013 que retratou a realidade dos trabalhadores rurais \u2013 \u00e0 po\u00e9tica de Pablo Neruda. O document\u00e1rio buscar\u00e1 valorizar o sistema de cultivo Cabruca, que promove sustentabilidade e preserva\u00e7\u00e3o ambiental, enquanto resgata a hist\u00f3ria e as tradi\u00e7\u00f5es das comunidades locais que se dedicam \u00e0 produ\u00e7\u00e3o de chocolate.<\/p>\n<figure id=\"attachment_10213\" aria-describedby=\"caption-attachment-10213\" style=\"width: 390px\" class=\"wp-caption aligncenter\"><img loading=\"lazy\" decoding=\"async\" class=\" wp-image-10213\" src=\"https:\/\/www.cacauechocolate.com.br\/v1\/wp-content\/uploads\/2025\/02\/PHOTO-2025-02-12-09-57-04-3.jpg\" alt=\"\" width=\"390\" height=\"220\" srcset=\"https:\/\/www.cacauechocolate.com.br\/v1\/wp-content\/uploads\/2025\/02\/PHOTO-2025-02-12-09-57-04-3.jpg 765w, https:\/\/www.cacauechocolate.com.br\/v1\/wp-content\/uploads\/2025\/02\/PHOTO-2025-02-12-09-57-04-3-300x169.jpg 300w, https:\/\/www.cacauechocolate.com.br\/v1\/wp-content\/uploads\/2025\/02\/PHOTO-2025-02-12-09-57-04-3-390x220.jpg 390w\" sizes=\"(max-width: 390px) 100vw, 390px\" \/><figcaption id=\"caption-attachment-10213\" class=\"wp-caption-text\">Tiago Fernandes, do Cons\u00f3rcio Cabruca<\/figcaption><\/figure>\n<p>Durante as grava\u00e7\u00f5es, o document\u00e1rio incluir\u00e1 entrevistas com produtores locais, acad\u00eamicos e especialistas que compartilhar\u00e3o suas experi\u00eancias e conhecimentos sobre a import\u00e2ncia do chocolate para a economia e a cultura da regi\u00e3o.<\/p>\n<p><img loading=\"lazy\" decoding=\"async\" class=\"aligncenter wp-image-10215\" src=\"https:\/\/www.cacauechocolate.com.br\/v1\/wp-content\/uploads\/2025\/02\/PHOTO-2025-02-12-09-57-04-4-1.jpg\" alt=\"\" width=\"310\" height=\"269\" srcset=\"https:\/\/www.cacauechocolate.com.br\/v1\/wp-content\/uploads\/2025\/02\/PHOTO-2025-02-12-09-57-04-4-1.jpg 480w, https:\/\/www.cacauechocolate.com.br\/v1\/wp-content\/uploads\/2025\/02\/PHOTO-2025-02-12-09-57-04-4-1-300x260.jpg 300w\" sizes=\"(max-width: 310px) 100vw, 310px\" \/><\/p>\n<p>Entre os depoimentos est\u00e3o mulheres como Dona Helena Guimar\u00e3es, Ju Arl\u00e9o, Nara Rodrigues e Leilane Benevides, Carine Assun\u00e7\u00e3o e Manuela Carvalho cujas hist\u00f3rias pessoais e profissionais ilustram a rica tradi\u00e7\u00e3o e a qualidade do chocolate produzido no Sul da Bahia.<\/p>\n<p><img loading=\"lazy\" decoding=\"async\" class=\"aligncenter wp-image-9936\" src=\"https:\/\/www.cacauechocolate.com.br\/v1\/wp-content\/uploads\/2025\/01\/cacau-1-1.jpg\" alt=\"\" width=\"345\" height=\"263\" srcset=\"https:\/\/www.cacauechocolate.com.br\/v1\/wp-content\/uploads\/2025\/01\/cacau-1-1.jpg 765w, https:\/\/www.cacauechocolate.com.br\/v1\/wp-content\/uploads\/2025\/01\/cacau-1-1-300x229.jpg 300w\" sizes=\"(max-width: 345px) 100vw, 345px\" \/><\/p>\n<p>O lan\u00e7amento do document\u00e1rio est\u00e1 programado para o segundo semestre de 2025, com o objetivo de promover n\u00e3o apenas os chocolates finos da regi\u00e3o, mas tamb\u00e9m inspirar uma valoriza\u00e7\u00e3o mais ampla da cultura e das pr\u00e1ticas sustent\u00e1veis associadas \u00e0 produ\u00e7\u00e3o de chocolate.<\/p>\n<p>Veja a reportagem na TV Santa Cruz<\/p>\n<p>&nbsp;<\/p>\n<p><iframe loading=\"lazy\" title=\"TV Santa Cruz\" src=\"https:\/\/www.youtube.com\/embed\/-E9H5sLrLIU\" width=\"560\" height=\"315\" frameborder=\"0\" allowfullscreen=\"allowfullscreen\"><\/iframe><\/p>\n","protected":false},"excerpt":{"rendered":"<p>O Cons\u00f3rcio Cabruca, uma refer\u00eancia na exporta\u00e7\u00e3o de chocolates finos do Sul da Bahia, iniciou \u00a0as grava\u00e7\u00f5es do document\u00e1rio &#8220;O Regalo&#8221;. A obra vai explorar a rica tradi\u00e7\u00e3o da produ\u00e7\u00e3o de chocolate \u00a0de origem na regi\u00e3o, destacando a amizade de grandes figuras liter\u00e1rias como Jorge Amado e Pablo Neruda. Com um roteiro de Gabriel Nascimento &hellip;<\/p>\n","protected":false},"author":2,"featured_media":10216,"comment_status":"open","ping_status":"open","sticky":false,"template":"","format":"standard","meta":{"footnotes":"","_links_to":"","_links_to_target":""},"categories":[3,1],"tags":[7,8,1294,24,2353,2331,6],"class_list":["post-10218","post","type-post","status-publish","format-standard","has-post-thumbnail","hentry","category-destaques","category-geral","tag-cacau","tag-chocolate","tag-consorcio-cabruca","tag-jorge-amado","tag-o-regalo","tag-pablo-neruda","tag-sul-da-bahia"],"views":742,"_links":{"self":[{"href":"https:\/\/www.cacauechocolate.com.br\/v1\/wp-json\/wp\/v2\/posts\/10218"}],"collection":[{"href":"https:\/\/www.cacauechocolate.com.br\/v1\/wp-json\/wp\/v2\/posts"}],"about":[{"href":"https:\/\/www.cacauechocolate.com.br\/v1\/wp-json\/wp\/v2\/types\/post"}],"author":[{"embeddable":true,"href":"https:\/\/www.cacauechocolate.com.br\/v1\/wp-json\/wp\/v2\/users\/2"}],"replies":[{"embeddable":true,"href":"https:\/\/www.cacauechocolate.com.br\/v1\/wp-json\/wp\/v2\/comments?post=10218"}],"version-history":[{"count":3,"href":"https:\/\/www.cacauechocolate.com.br\/v1\/wp-json\/wp\/v2\/posts\/10218\/revisions"}],"predecessor-version":[{"id":10221,"href":"https:\/\/www.cacauechocolate.com.br\/v1\/wp-json\/wp\/v2\/posts\/10218\/revisions\/10221"}],"wp:featuredmedia":[{"embeddable":true,"href":"https:\/\/www.cacauechocolate.com.br\/v1\/wp-json\/wp\/v2\/media\/10216"}],"wp:attachment":[{"href":"https:\/\/www.cacauechocolate.com.br\/v1\/wp-json\/wp\/v2\/media?parent=10218"}],"wp:term":[{"taxonomy":"category","embeddable":true,"href":"https:\/\/www.cacauechocolate.com.br\/v1\/wp-json\/wp\/v2\/categories?post=10218"},{"taxonomy":"post_tag","embeddable":true,"href":"https:\/\/www.cacauechocolate.com.br\/v1\/wp-json\/wp\/v2\/tags?post=10218"}],"curies":[{"name":"wp","href":"https:\/\/api.w.org\/{rel}","templated":true}]}}