{"id":10852,"date":"2025-04-07T16:13:22","date_gmt":"2025-04-07T19:13:22","guid":{"rendered":"https:\/\/www.cacauechocolate.com.br\/v1\/?p=10852"},"modified":"2025-04-07T12:20:17","modified_gmt":"2025-04-07T15:20:17","slug":"festival-cena-local-solar-une-musica-cultura-e-sustentabilidade-em-itacare","status":"publish","type":"post","link":"https:\/\/www.cacauechocolate.com.br\/v1\/2025\/04\/07\/festival-cena-local-solar-une-musica-cultura-e-sustentabilidade-em-itacare\/","title":{"rendered":"Festival Cena Local Solar une m\u00fasica, cultura e sustentabilidade em Itacar\u00e9"},"content":{"rendered":"<p>&nbsp;<\/p>\n<p style=\"text-align: right;\">\n<p>&nbsp;<\/p>\n<p style=\"font-weight: 400;\">Itacar\u00e9 recebe, de 18 a 20 de abril, o\u00a0Festival Cena Local Solar, uma celebra\u00e7\u00e3o da cultura local com m\u00fasica, oficinas e muita sustentabilidade. Tudo gratuito e espalhado por tr\u00eas pontos da cidade:\u00a0Pra\u00e7a das Mangueiras (18\/04), Vila Marambaia (19\/04) e Taboquinhas (20\/04).<\/p>\n<p style=\"font-weight: 400;\"><img loading=\"lazy\" decoding=\"async\" class=\"aligncenter size-full wp-image-10855\" src=\"https:\/\/www.cacauechocolate.com.br\/v1\/wp-content\/uploads\/2025\/04\/Rua-da-Pituba-em-Itacare-cidade-sera-palco-da-terceira-edicao-do-Festival-Cena-Local-Solar.jpg\" alt=\"\" width=\"357\" height=\"235\" srcset=\"https:\/\/www.cacauechocolate.com.br\/v1\/wp-content\/uploads\/2025\/04\/Rua-da-Pituba-em-Itacare-cidade-sera-palco-da-terceira-edicao-do-Festival-Cena-Local-Solar.jpg 357w, https:\/\/www.cacauechocolate.com.br\/v1\/wp-content\/uploads\/2025\/04\/Rua-da-Pituba-em-Itacare-cidade-sera-palco-da-terceira-edicao-do-Festival-Cena-Local-Solar-300x197.jpg 300w\" sizes=\"(max-width: 357px) 100vw, 357px\" \/><\/p>\n<p style=\"font-weight: 400;\">Organizado pela\u00a0Associa\u00e7\u00e3o dos Profissionais da M\u00fasica de Itacar\u00e9 (APMI)\u00a0e pelo coletivo\u00a0M\u00fasica na \u00c1rvore Solar\u00a0\u2013 pioneiro em eventos com energia limpa \u2013, o festival tem apoio do governo estadual, com fomento da Lei Paulo Gustavo e da prefeitura. A estrutura ser\u00e1 abastecida por\u00a0energia solar, alinhando divers\u00e3o e consci\u00eancia ambiental.<\/p>\n<p style=\"font-weight: 400;\">Doze bandas locais sobem ao palco em tr\u00eas noites de festival, mostrando a riqueza das identidades culturais. Cada dia ter\u00e1\u00a0quatro shows, com ritmos e estilos diversos.<\/p>\n<p style=\"font-weight: 400;\">Al\u00e9m dos shows, o festival realizar\u00e1 ainda tr\u00eas oficinas gratuitas que prometem agitar o p\u00fablico: Capoeira\u00a0(Tribo do Porto) \u2013 com Mestre Comprido ensinando toques de berimbau, samba de roda e maculel\u00ea; Ritmos de Terreiro\u00a0(Assentamento Marambaia) \u2013 explorando congas, pandeiros e agog\u00f4s; e Percuss\u00e3o com material reciclado\u00a0(Escola Gov. Paulo Souto) \u2013 criando instrumentos com itens que seriam simplesmente descartados como lixo comum.<\/p>\n<figure id=\"attachment_9156\" aria-describedby=\"caption-attachment-9156\" style=\"width: 427px\" class=\"wp-caption aligncenter\"><img loading=\"lazy\" decoding=\"async\" class=\" wp-image-9156\" src=\"https:\/\/www.cacauechocolate.com.br\/v1\/wp-content\/uploads\/2024\/11\/nav-2.jpeg\" alt=\"\" width=\"427\" height=\"220\" srcset=\"https:\/\/www.cacauechocolate.com.br\/v1\/wp-content\/uploads\/2024\/11\/nav-2.jpeg 694w, https:\/\/www.cacauechocolate.com.br\/v1\/wp-content\/uploads\/2024\/11\/nav-2-300x155.jpeg 300w\" sizes=\"(max-width: 427px) 100vw, 427px\" \/><figcaption id=\"caption-attachment-9156\" class=\"wp-caption-text\">Orla de Itacar\u00e9 \u2013 Foto Tarek Roveran<\/figcaption><\/figure>\n<p style=\"font-weight: 400;\">&#8220;Queremos mostrar que \u00e9 poss\u00edvel fazer cultura sem agredir ao planeta&#8221;, diz\u00a0Andr\u00e9 Trindade, um dos organizadores. Toda a energia vem do sol, e as oficinas refor\u00e7am essa mensagem. Imperd\u00edvel, gratuito e para todos!\u201d, ratificou.<\/p>\n<p style=\"font-weight: 400;\">Mais informa\u00e7\u00f5es podem ser obtidas atrav\u00e9s do n\u00famero de telefone \/ WhatsApp (73) 9 8809 3838.<\/p>\n<p style=\"font-weight: 400;\"><strong>Servi\u00e7o<\/strong><\/p>\n<p style=\"font-weight: 400;\"><strong>\u00a0<\/strong><\/p>\n<p style=\"font-weight: 400;\"><strong>O qu\u00ea:\u00a0<\/strong>Festival Cena Local Solar<\/p>\n<p style=\"font-weight: 400;\"><strong>Local:\u00a0<\/strong>Itacar\u00e9, Bahia<\/p>\n<p style=\"font-weight: 400;\"><strong>Quando:\u00a0<\/strong>18, 19 e 20 de abril (sexta, s\u00e1bado e domingo)<\/p>\n<p style=\"font-weight: 400;\">\n","protected":false},"excerpt":{"rendered":"<p>&nbsp; &nbsp; Itacar\u00e9 recebe, de 18 a 20 de abril, o\u00a0Festival Cena Local Solar, uma celebra\u00e7\u00e3o da cultura local com m\u00fasica, oficinas e muita sustentabilidade. Tudo gratuito e espalhado por tr\u00eas pontos da cidade:\u00a0Pra\u00e7a das Mangueiras (18\/04), Vila Marambaia (19\/04) e Taboquinhas (20\/04). Organizado pela\u00a0Associa\u00e7\u00e3o dos Profissionais da M\u00fasica de Itacar\u00e9 (APMI)\u00a0e pelo coletivo\u00a0M\u00fasica na &hellip;<\/p>\n","protected":false},"author":2,"featured_media":10854,"comment_status":"open","ping_status":"open","sticky":false,"template":"","format":"standard","meta":{"footnotes":"","_links_to":"","_links_to_target":""},"categories":[3,1],"tags":[2490,5],"class_list":["post-10852","post","type-post","status-publish","format-standard","has-post-thumbnail","hentry","category-destaques","category-geral","tag-festival-cena-local-solar","tag-itacare"],"views":613,"_links":{"self":[{"href":"https:\/\/www.cacauechocolate.com.br\/v1\/wp-json\/wp\/v2\/posts\/10852"}],"collection":[{"href":"https:\/\/www.cacauechocolate.com.br\/v1\/wp-json\/wp\/v2\/posts"}],"about":[{"href":"https:\/\/www.cacauechocolate.com.br\/v1\/wp-json\/wp\/v2\/types\/post"}],"author":[{"embeddable":true,"href":"https:\/\/www.cacauechocolate.com.br\/v1\/wp-json\/wp\/v2\/users\/2"}],"replies":[{"embeddable":true,"href":"https:\/\/www.cacauechocolate.com.br\/v1\/wp-json\/wp\/v2\/comments?post=10852"}],"version-history":[{"count":4,"href":"https:\/\/www.cacauechocolate.com.br\/v1\/wp-json\/wp\/v2\/posts\/10852\/revisions"}],"predecessor-version":[{"id":10858,"href":"https:\/\/www.cacauechocolate.com.br\/v1\/wp-json\/wp\/v2\/posts\/10852\/revisions\/10858"}],"wp:featuredmedia":[{"embeddable":true,"href":"https:\/\/www.cacauechocolate.com.br\/v1\/wp-json\/wp\/v2\/media\/10854"}],"wp:attachment":[{"href":"https:\/\/www.cacauechocolate.com.br\/v1\/wp-json\/wp\/v2\/media?parent=10852"}],"wp:term":[{"taxonomy":"category","embeddable":true,"href":"https:\/\/www.cacauechocolate.com.br\/v1\/wp-json\/wp\/v2\/categories?post=10852"},{"taxonomy":"post_tag","embeddable":true,"href":"https:\/\/www.cacauechocolate.com.br\/v1\/wp-json\/wp\/v2\/tags?post=10852"}],"curies":[{"name":"wp","href":"https:\/\/api.w.org\/{rel}","templated":true}]}}