{"id":1175,"date":"2020-05-13T16:06:56","date_gmt":"2020-05-13T19:06:56","guid":{"rendered":"https:\/\/www.cacauechocolate.com.br\/v1\/?p=1175"},"modified":"2020-05-13T19:48:42","modified_gmt":"2020-05-13T22:48:42","slug":"live-resgata-historia-do-cacau-no-brasil-e-sua-expansao-pelo-mundo","status":"publish","type":"post","link":"https:\/\/www.cacauechocolate.com.br\/v1\/2020\/05\/13\/live-resgata-historia-do-cacau-no-brasil-e-sua-expansao-pelo-mundo\/","title":{"rendered":"Live resgata hist\u00f3ria do cacau no Brasil e sua expans\u00e3o pelo mundo"},"content":{"rendered":"<p>A hist\u00f3ria do cacau no Brasil e a import\u00e2ncia de Portugal e Espanha para sua expans\u00e3o no mundo. \u00c9 sobre esse tema que o empres\u00e1rio Marco Lessa conversa com o pesquisador\u00a0, chefe de pesquisa e extens\u00e3o rural do Par\u00e1 e do Amazonas da Ceplac &#8211; Comiss\u00e3o Executiva do Plano da Lavoura Cacaueira.<\/p>\n<figure id=\"attachment_1176\" aria-describedby=\"caption-attachment-1176\" style=\"width: 300px\" class=\"wp-caption aligncenter\"><img loading=\"lazy\" decoding=\"async\" class=\"size-medium wp-image-1176\" src=\"https:\/\/www.cacauechocolate.com.br\/v1\/wp-content\/uploads\/2020\/05\/Fernando-Mendes-300x169.jpeg\" alt=\"\" width=\"300\" height=\"169\" srcset=\"https:\/\/www.cacauechocolate.com.br\/v1\/wp-content\/uploads\/2020\/05\/Fernando-Mendes-300x169.jpeg 300w, https:\/\/www.cacauechocolate.com.br\/v1\/wp-content\/uploads\/2020\/05\/Fernando-Mendes-768x432.jpeg 768w, https:\/\/www.cacauechocolate.com.br\/v1\/wp-content\/uploads\/2020\/05\/Fernando-Mendes-1024x576.jpeg 1024w, https:\/\/www.cacauechocolate.com.br\/v1\/wp-content\/uploads\/2020\/05\/Fernando-Mendes-390x220.jpeg 390w, https:\/\/www.cacauechocolate.com.br\/v1\/wp-content\/uploads\/2020\/05\/Fernando-Mendes.jpeg 1280w\" sizes=\"(max-width: 300px) 100vw, 300px\" \/><figcaption id=\"caption-attachment-1176\" class=\"wp-caption-text\">Fernando Mendes<\/figcaption><\/figure>\n<p>A entrevista acontece nesta pr\u00f3xima quinta-feira (14), \u00e0s 17h, durante <em>live<\/em> no perfil @chocolat.festival no Instagram. &#8220;\u00c9 fundamental para quem trabalha com cacau e chocolate, e muito interessante para quem gosta, portanto 99% das pessoas (1% faz charme), conhecer a incr\u00edvel hist\u00f3ria do fruto de ouro e alimento dos Deuses, o cacau, principalmente em nosso pa\u00eds e na Am\u00e9rica Latina&#8221;, destaca Marco Lessa, idealizador do Chocolat Festival, maior evento do segmento no Brasil.<\/p>\n<figure id=\"attachment_198\" aria-describedby=\"caption-attachment-198\" style=\"width: 300px\" class=\"wp-caption aligncenter\"><img loading=\"lazy\" decoding=\"async\" class=\"size-medium wp-image-198\" src=\"https:\/\/www.cacauechocolate.com.br\/v1\/wp-content\/uploads\/2019\/08\/Marco-Lessa-foto-Ana-Lee-2-300x201.jpg\" alt=\"\" width=\"300\" height=\"201\" srcset=\"https:\/\/www.cacauechocolate.com.br\/v1\/wp-content\/uploads\/2019\/08\/Marco-Lessa-foto-Ana-Lee-2-300x201.jpg 300w, https:\/\/www.cacauechocolate.com.br\/v1\/wp-content\/uploads\/2019\/08\/Marco-Lessa-foto-Ana-Lee-2.jpg 350w\" sizes=\"(max-width: 300px) 100vw, 300px\" \/><figcaption id=\"caption-attachment-198\" class=\"wp-caption-text\">Marco Lessa (foto Ana Lee)<\/figcaption><\/figure>\n<p>As <em>lives<\/em> do Chocolat Festival acontecem sempre \u00e0s quintas-feiras e trazem temas variados e curiosos sobre o universo do cacau e do chocolate.<\/p>\n<p>&nbsp;<\/p>\n","protected":false},"excerpt":{"rendered":"<p>A hist\u00f3ria do cacau no Brasil e a import\u00e2ncia de Portugal e Espanha para sua expans\u00e3o no mundo. \u00c9 sobre esse tema que o empres\u00e1rio Marco Lessa conversa com o pesquisador\u00a0, chefe de pesquisa e extens\u00e3o rural do Par\u00e1 e do Amazonas da Ceplac &#8211; Comiss\u00e3o Executiva do Plano da Lavoura Cacaueira. A entrevista acontece &hellip;<\/p>\n","protected":false},"author":2,"featured_media":891,"comment_status":"open","ping_status":"open","sticky":false,"template":"","format":"standard","meta":{"footnotes":"","_links_to":"","_links_to_target":""},"categories":[1],"tags":[13,376,377,65],"class_list":["post-1175","post","type-post","status-publish","format-standard","has-post-thumbnail","hentry","category-geral","tag-ceplac","tag-fernando-mendes","tag-historia-do-cacau-no-brasil","tag-marco-lessa"],"views":1450,"_links":{"self":[{"href":"https:\/\/www.cacauechocolate.com.br\/v1\/wp-json\/wp\/v2\/posts\/1175"}],"collection":[{"href":"https:\/\/www.cacauechocolate.com.br\/v1\/wp-json\/wp\/v2\/posts"}],"about":[{"href":"https:\/\/www.cacauechocolate.com.br\/v1\/wp-json\/wp\/v2\/types\/post"}],"author":[{"embeddable":true,"href":"https:\/\/www.cacauechocolate.com.br\/v1\/wp-json\/wp\/v2\/users\/2"}],"replies":[{"embeddable":true,"href":"https:\/\/www.cacauechocolate.com.br\/v1\/wp-json\/wp\/v2\/comments?post=1175"}],"version-history":[{"count":1,"href":"https:\/\/www.cacauechocolate.com.br\/v1\/wp-json\/wp\/v2\/posts\/1175\/revisions"}],"predecessor-version":[{"id":1177,"href":"https:\/\/www.cacauechocolate.com.br\/v1\/wp-json\/wp\/v2\/posts\/1175\/revisions\/1177"}],"wp:featuredmedia":[{"embeddable":true,"href":"https:\/\/www.cacauechocolate.com.br\/v1\/wp-json\/wp\/v2\/media\/891"}],"wp:attachment":[{"href":"https:\/\/www.cacauechocolate.com.br\/v1\/wp-json\/wp\/v2\/media?parent=1175"}],"wp:term":[{"taxonomy":"category","embeddable":true,"href":"https:\/\/www.cacauechocolate.com.br\/v1\/wp-json\/wp\/v2\/categories?post=1175"},{"taxonomy":"post_tag","embeddable":true,"href":"https:\/\/www.cacauechocolate.com.br\/v1\/wp-json\/wp\/v2\/tags?post=1175"}],"curies":[{"name":"wp","href":"https:\/\/api.w.org\/{rel}","templated":true}]}}