{"id":11897,"date":"2025-06-26T08:52:28","date_gmt":"2025-06-26T11:52:28","guid":{"rendered":"https:\/\/www.cacauechocolate.com.br\/v1\/?p=11897"},"modified":"2025-06-26T08:58:47","modified_gmt":"2025-06-26T11:58:47","slug":"rede-povos-da-mata-fortalece-presenca-na-bio-brazil-fair-2025-e-celebra-avancos-comerciais","status":"publish","type":"post","link":"https:\/\/www.cacauechocolate.com.br\/v1\/2025\/06\/26\/rede-povos-da-mata-fortalece-presenca-na-bio-brazil-fair-2025-e-celebra-avancos-comerciais\/","title":{"rendered":"Rede Povos da Mata fortalece presen\u00e7a na Bio Brazil Fair 2025 e celebra avan\u00e7os comerciais"},"content":{"rendered":"<p>A Rede de Agroecologia Povos da Mata marcou presen\u00e7a na Bio Brazil Fair 2025, realizada entre os dias 11 e 14 de junho, no Distrito Anhembi, em S\u00e3o Paulo. Esta foi a quarta participa\u00e7\u00e3o consecutiva da rede na maior feira de produtos org\u00e2nicos e naturais da Am\u00e9rica Latina.<\/p>\n<p><img loading=\"lazy\" decoding=\"async\" class=\"aligncenter wp-image-11898\" src=\"https:\/\/www.cacauechocolate.com.br\/v1\/wp-content\/uploads\/2025\/06\/PHOTO-2025-06-25-16-05-56.jpg\" alt=\"\" width=\"311\" height=\"415\" srcset=\"https:\/\/www.cacauechocolate.com.br\/v1\/wp-content\/uploads\/2025\/06\/PHOTO-2025-06-25-16-05-56.jpg 432w, https:\/\/www.cacauechocolate.com.br\/v1\/wp-content\/uploads\/2025\/06\/PHOTO-2025-06-25-16-05-56-225x300.jpg 225w\" sizes=\"(max-width: 311px) 100vw, 311px\" \/><\/p>\n<p>Neste ano, a Rede levou dezesseis agroind\u00fastrias, representando a diversidade da produ\u00e7\u00e3o agroecol\u00f3gica dos territ\u00f3rios baianos. O estande da Rede Povos da Mata foi elogiado pela estrutura e organiza\u00e7\u00e3o. Toda a a\u00e7\u00e3o contou com apoio log\u00edstico e institucional do Governo do Estado da Bahia, por meio da Secretaria de Desenvolvimento Rural (SDR) e da Companhia de Desenvolvimento e A\u00e7\u00e3o Regional (CAR).<\/p>\n<p><img loading=\"lazy\" decoding=\"async\" class=\"aligncenter wp-image-11900\" src=\"https:\/\/www.cacauechocolate.com.br\/v1\/wp-content\/uploads\/2025\/06\/PHOTO-2025-06-25-16-05-56-2.jpg\" alt=\"\" width=\"297\" height=\"396\" srcset=\"https:\/\/www.cacauechocolate.com.br\/v1\/wp-content\/uploads\/2025\/06\/PHOTO-2025-06-25-16-05-56-2.jpg 432w, https:\/\/www.cacauechocolate.com.br\/v1\/wp-content\/uploads\/2025\/06\/PHOTO-2025-06-25-16-05-56-2-225x300.jpg 225w\" sizes=\"(max-width: 297px) 100vw, 297px\" \/><\/p>\n<p>Durante os quatro dias de evento, os representantes das agroind\u00fastrias realizaram atendimentos diretos a clientes e compradores, participaram de reuni\u00f5es com representantes nacionais e internacionais, gravaram podcast, concederam entrevistas para programas televisivos e conte\u00fado em redes sociais, al\u00e9m de fortalecer la\u00e7os com nutricionistas, especialistas e influenciadores do setor.<\/p>\n<p><img loading=\"lazy\" decoding=\"async\" class=\"aligncenter wp-image-11901\" src=\"https:\/\/www.cacauechocolate.com.br\/v1\/wp-content\/uploads\/2025\/06\/PHOTO-2025-06-25-16-05-57-1.jpg\" alt=\"\" width=\"294\" height=\"392\" srcset=\"https:\/\/www.cacauechocolate.com.br\/v1\/wp-content\/uploads\/2025\/06\/PHOTO-2025-06-25-16-05-57-1.jpg 432w, https:\/\/www.cacauechocolate.com.br\/v1\/wp-content\/uploads\/2025\/06\/PHOTO-2025-06-25-16-05-57-1-225x300.jpg 225w\" sizes=\"(max-width: 294px) 100vw, 294px\" \/><\/p>\n<p>De acordo com a coordena\u00e7\u00e3o, al\u00e9m do crescimento no n\u00famero de agroind\u00fastrias participantes, a edi\u00e7\u00e3o de 2025 representou um salto comercial significativo em rela\u00e7\u00e3o ao ano anterior. \u201cFoi uma edi\u00e7\u00e3o intensa e estrat\u00e9gica, em que conseguimos abrir novos canais de venda, prospectar mercados e consolidar parcerias importantes\u201d, afirmou Paula Ferreira, coordenador do projeto Agroecologia em rede: mais alimentos e mais vida.<\/p>\n<p><img loading=\"lazy\" decoding=\"async\" class=\"aligncenter wp-image-11902\" src=\"https:\/\/www.cacauechocolate.com.br\/v1\/wp-content\/uploads\/2025\/06\/PHOTO-2025-06-25-16-05-56-1.jpg\" alt=\"\" width=\"308\" height=\"411\" srcset=\"https:\/\/www.cacauechocolate.com.br\/v1\/wp-content\/uploads\/2025\/06\/PHOTO-2025-06-25-16-05-56-1.jpg 750w, https:\/\/www.cacauechocolate.com.br\/v1\/wp-content\/uploads\/2025\/06\/PHOTO-2025-06-25-16-05-56-1-225x300.jpg 225w\" sizes=\"(max-width: 308px) 100vw, 308px\" \/><\/p>\n<p>A participa\u00e7\u00e3o da Rede Povos da Mata reafirma o papel da agricultura familiar e agroecol\u00f3gica baiana como protagonista na oferta de alimentos saud\u00e1veis, sustent\u00e1veis e com identidade territorial. Atualmente, a Rede est\u00e1 organizada em sete n\u00facleos e oito pr\u00e9-n\u00facleos, distribu\u00eddos em diversos territ\u00f3rios da Bahia, com atua\u00e7\u00e3o em tr\u00eas biomas: Mata Atl\u00e2ntica, Caatinga e Cerrado.<\/p>\n<p>&nbsp;<\/p>\n<p>(Fotos Claudio Lyrio)<\/p>\n","protected":false},"excerpt":{"rendered":"<p>A Rede de Agroecologia Povos da Mata marcou presen\u00e7a na Bio Brazil Fair 2025, realizada entre os dias 11 e 14 de junho, no Distrito Anhembi, em S\u00e3o Paulo. Esta foi a quarta participa\u00e7\u00e3o consecutiva da rede na maior feira de produtos org\u00e2nicos e naturais da Am\u00e9rica Latina. Neste ano, a Rede levou dezesseis agroind\u00fastrias, &hellip;<\/p>\n","protected":false},"author":2,"featured_media":11904,"comment_status":"open","ping_status":"open","sticky":false,"template":"","format":"standard","meta":{"footnotes":"","_links_to":"","_links_to_target":""},"categories":[3,1],"tags":[2415,31,839,57,2761],"class_list":["post-11897","post","type-post","status-publish","format-standard","has-post-thumbnail","hentry","category-destaques","category-geral","tag-bio-brazil-fair-2025","tag-governo-da-bahia","tag-natural-tech","tag-rede-povos-da-mata","tag-sap-paulo"],"views":572,"_links":{"self":[{"href":"https:\/\/www.cacauechocolate.com.br\/v1\/wp-json\/wp\/v2\/posts\/11897"}],"collection":[{"href":"https:\/\/www.cacauechocolate.com.br\/v1\/wp-json\/wp\/v2\/posts"}],"about":[{"href":"https:\/\/www.cacauechocolate.com.br\/v1\/wp-json\/wp\/v2\/types\/post"}],"author":[{"embeddable":true,"href":"https:\/\/www.cacauechocolate.com.br\/v1\/wp-json\/wp\/v2\/users\/2"}],"replies":[{"embeddable":true,"href":"https:\/\/www.cacauechocolate.com.br\/v1\/wp-json\/wp\/v2\/comments?post=11897"}],"version-history":[{"count":2,"href":"https:\/\/www.cacauechocolate.com.br\/v1\/wp-json\/wp\/v2\/posts\/11897\/revisions"}],"predecessor-version":[{"id":11905,"href":"https:\/\/www.cacauechocolate.com.br\/v1\/wp-json\/wp\/v2\/posts\/11897\/revisions\/11905"}],"wp:featuredmedia":[{"embeddable":true,"href":"https:\/\/www.cacauechocolate.com.br\/v1\/wp-json\/wp\/v2\/media\/11904"}],"wp:attachment":[{"href":"https:\/\/www.cacauechocolate.com.br\/v1\/wp-json\/wp\/v2\/media?parent=11897"}],"wp:term":[{"taxonomy":"category","embeddable":true,"href":"https:\/\/www.cacauechocolate.com.br\/v1\/wp-json\/wp\/v2\/categories?post=11897"},{"taxonomy":"post_tag","embeddable":true,"href":"https:\/\/www.cacauechocolate.com.br\/v1\/wp-json\/wp\/v2\/tags?post=11897"}],"curies":[{"name":"wp","href":"https:\/\/api.w.org\/{rel}","templated":true}]}}