{"id":11918,"date":"2025-06-30T08:56:57","date_gmt":"2025-06-30T11:56:57","guid":{"rendered":"https:\/\/www.cacauechocolate.com.br\/v1\/?p=11918"},"modified":"2025-06-30T09:00:12","modified_gmt":"2025-06-30T12:00:12","slug":"itabunense-thiagon-guedes-e-nomeado-diretor-geral-da-ceplac","status":"publish","type":"post","link":"https:\/\/www.cacauechocolate.com.br\/v1\/2025\/06\/30\/itabunense-thiagon-guedes-e-nomeado-diretor-geral-da-ceplac\/","title":{"rendered":"Itabunense Thiago Guedes \u00e9 nomeado  diretor geral da Ceplac"},"content":{"rendered":"<p>Ex-chefe de Gabinente da Secretaria de Agricultura da Bahia (Seagri) e formulador de pol\u00edticas p\u00fablicas para agropecu\u00e1ria sustent\u00e1vel, Thiago Guedes acaba de ser nomeado o novo diretor-geral da Ceplac. A portaria da nomea\u00e7\u00e3o est\u00e1 publicada na edi\u00e7\u00e3o desta segunda-feira (30) do\u00a0<em>Di\u00e1rio Oficial da Uni\u00e3o<\/em>. As primeiras impress\u00f5es foi de boa receptividade do nome escolhido por parte de produtores, lideran\u00e7as pol\u00edticas e movimentos da agropecu\u00e1ria da Bahia, Par\u00e1 e Esp\u00edrito Santo, os tr\u00eas maiores estados produtores de cacau do pa\u00eds.<\/p>\n<p>Natural de Itabuna, sul da Bahia, com ra\u00edzes familiares na cacauicultura e forma\u00e7\u00e3o em Engenharia Agron\u00f4mica pela Universidade Estadual de Santa Cruz (Uesc), Guedes construiu s\u00f3lida carreira com foco em sistemas agroflorestais, agroecologia e sustentabilidade na produ\u00e7\u00e3o de cacau, tendo atuado em projetos tamb\u00e9m no Esp\u00edrito Santo e no Par\u00e1.<\/p>\n<p><img loading=\"lazy\" decoding=\"async\" class=\"aligncenter size-full wp-image-1104\" src=\"https:\/\/www.cacauechocolate.com.br\/v1\/wp-content\/uploads\/2020\/02\/ceplac-2.jpg\" alt=\"\" width=\"335\" height=\"222\" srcset=\"https:\/\/www.cacauechocolate.com.br\/v1\/wp-content\/uploads\/2020\/02\/ceplac-2.jpg 335w, https:\/\/www.cacauechocolate.com.br\/v1\/wp-content\/uploads\/2020\/02\/ceplac-2-300x199.jpg 300w\" sizes=\"(max-width: 335px) 100vw, 335px\" \/><\/p>\n<p>Nos \u00faltimos anos, acumulou experi\u00eancias na implanta\u00e7\u00e3o de pol\u00edticas estruturantes, como o Plano de Agricultura de Baixo Carbono da Bahia (Plano ABC+ Bahia), atuou na C\u00e2mara Setorial Nacional do Cacau e Sistemas Agroflorestais e na C\u00e2mara Setorial do Cacau do Estado da Bahia. No \u00e2mbito nacional, foi secret\u00e1rio-geral da Sociedade Brasileira de Sistemas Agroflorestais, coordenador da Comiss\u00e3o Nacional de Produ\u00e7\u00e3o Org\u00e2nica e contribuiu na constru\u00e7\u00e3o do Plano Inova Cacau 2030, garantindo um lastro t\u00e9cnico, bom tr\u00e2nsito pol\u00edtico e di\u00e1logo com o setor, para a agenda da inova\u00e7\u00e3o agroambiental do cacau.<\/p>\n<p>\u2013 Thiago representa uma gera\u00e7\u00e3o de profissionais comprometidos com a valoriza\u00e7\u00e3o do cacau brasileiro, aliando ci\u00eancia, competitividade do setor, articula\u00e7\u00e3o e conserva\u00e7\u00e3o produtiva. Sua nomea\u00e7\u00e3o refor\u00e7a o papel estrat\u00e9gico da Ceplac na transi\u00e7\u00e3o sustent\u00e1vel da agricultura brasileira\u201d \u2013 afirma o superintendente da Bahiater, da Secretaria de Desenvolvimento Rural do Estado da Bahia, Lanns Almeida, com quem Guedes tem boa parceria.<\/p>\n<p><strong>REESTRUTURA\u00c7\u00c3O<\/strong><\/p>\n<p><img loading=\"lazy\" decoding=\"async\" class=\"aligncenter wp-image-9784\" src=\"https:\/\/www.cacauechocolate.com.br\/v1\/wp-content\/uploads\/2024\/12\/cacau-1-1.jpg\" alt=\"\" width=\"340\" height=\"453\" srcset=\"https:\/\/www.cacauechocolate.com.br\/v1\/wp-content\/uploads\/2024\/12\/cacau-1-1.jpg 480w, https:\/\/www.cacauechocolate.com.br\/v1\/wp-content\/uploads\/2024\/12\/cacau-1-1-225x300.jpg 225w\" sizes=\"(max-width: 340px) 100vw, 340px\" \/><\/p>\n<p>Guedes tamb\u00e9m coordenou programas voltados \u00e0 certifica\u00e7\u00e3o socioambiental de cacau, qualidade de am\u00eandoas de cacau, recupera\u00e7\u00e3o de \u00e1reas degradadas, agricultura familiar e agrega\u00e7\u00e3o de valor por meio da verticaliza\u00e7\u00e3o do setor cacaueiro com a produ\u00e7\u00e3o de chocolate de origem e Indica\u00e7\u00e3o Geogr\u00e1fica. Foi autor e organizador de publica\u00e7\u00f5es t\u00e9cnicas e cient\u00edficas, incluindo o Guia de Manejo do Agroecossistema Cacau Cabruca e o Plano ABC+ Bahia.<\/p>\n<p>Sua chegada \u00e0 Ceplac ocorre num momento decisivo: a institui\u00e7\u00e3o passa por debates sobre sua reestrutura\u00e7\u00e3o e retomada do protagonismo nacional diante de novos desafios globais, como o European Union Deforestation-Free Regulation (EUDR), que impacta diretamente as exporta\u00e7\u00f5es de cacau.<\/p>\n<p><strong>INTEGRA\u00c7\u00c3O<\/strong><\/p>\n<p>A expectativa \u00e9 que, sob sua gest\u00e3o, a Ceplac fortale\u00e7a a integra\u00e7\u00e3o entre ci\u00eancia, mercado e produtores, resgatando seu papel hist\u00f3rico como indutora do desenvolvimento da cacauicultura na Amaz\u00f4nia, na Mata Atl\u00e2ntica e mais recente no Cerrado. L\u00edderes do setor j\u00e1 sinalizam apoio \u00e0 nova dire\u00e7\u00e3o, vislumbrando avan\u00e7os em temas como rastreabilidade, bioeconomia, pesquisa aplicada, aumento da produtividade no cacau, transfer\u00eancia de tecnologia pela extens\u00e3o, aten\u00e7\u00e3o \u00e0 defesa agropecu\u00e1ria, mercado de carbono, sistema agroflorestal e valoriza\u00e7\u00e3o da Cabruca.<\/p>\n<p>Com 15 anos de atua\u00e7\u00e3o estrat\u00e9gica no setor agropecu\u00e1rio, Thiago Guedes chega \u00e0 dire\u00e7\u00e3o da Ceplac com a miss\u00e3o de reconectar passado e futuro da cacauicultura brasileira. A indica\u00e7\u00e3o ao cargo foi iniciada pela deputada federal Elis\u00e2ngela Ara\u00fajo (PT-BA), a partir do alinhamento com a ministra-chefe da Secretaria de Rela\u00e7\u00f5es Institucionais da Presid\u00eancia da Rep\u00fablica, Gleisi Hoffmann, e contatos pr\u00e9vios com lideran\u00e7as da regi\u00e3o cacaueira do sul da Bahia que se adicionam ao fortalecimento do setor cacaueiro, como j\u00e1 discutido com l\u00edderes do Governo da Bahia como a Deputada Federal L\u00eddice da Mata PSB e o senador Jaques Wagner PT, numa estrat\u00e9gia que consolida boas perspectivas para o setor do cacau no Brasil.<\/p>\n<p>(do Pimenta)<\/p>\n","protected":false},"excerpt":{"rendered":"<p>Ex-chefe de Gabinente da Secretaria de Agricultura da Bahia (Seagri) e formulador de pol\u00edticas p\u00fablicas para agropecu\u00e1ria sustent\u00e1vel, Thiago Guedes acaba de ser nomeado o novo diretor-geral da Ceplac. A portaria da nomea\u00e7\u00e3o est\u00e1 publicada na edi\u00e7\u00e3o desta segunda-feira (30) do\u00a0Di\u00e1rio Oficial da Uni\u00e3o. As primeiras impress\u00f5es foi de boa receptividade do nome escolhido por &hellip;<\/p>\n","protected":false},"author":2,"featured_media":11919,"comment_status":"open","ping_status":"open","sticky":false,"template":"","format":"standard","meta":{"footnotes":"","_links_to":"","_links_to_target":""},"categories":[3,1],"tags":[7,13,6,2766],"class_list":["post-11918","post","type-post","status-publish","format-standard","has-post-thumbnail","hentry","category-destaques","category-geral","tag-cacau","tag-ceplac","tag-sul-da-bahia","tag-thiago-guedes"],"views":710,"_links":{"self":[{"href":"https:\/\/www.cacauechocolate.com.br\/v1\/wp-json\/wp\/v2\/posts\/11918"}],"collection":[{"href":"https:\/\/www.cacauechocolate.com.br\/v1\/wp-json\/wp\/v2\/posts"}],"about":[{"href":"https:\/\/www.cacauechocolate.com.br\/v1\/wp-json\/wp\/v2\/types\/post"}],"author":[{"embeddable":true,"href":"https:\/\/www.cacauechocolate.com.br\/v1\/wp-json\/wp\/v2\/users\/2"}],"replies":[{"embeddable":true,"href":"https:\/\/www.cacauechocolate.com.br\/v1\/wp-json\/wp\/v2\/comments?post=11918"}],"version-history":[{"count":2,"href":"https:\/\/www.cacauechocolate.com.br\/v1\/wp-json\/wp\/v2\/posts\/11918\/revisions"}],"predecessor-version":[{"id":11921,"href":"https:\/\/www.cacauechocolate.com.br\/v1\/wp-json\/wp\/v2\/posts\/11918\/revisions\/11921"}],"wp:featuredmedia":[{"embeddable":true,"href":"https:\/\/www.cacauechocolate.com.br\/v1\/wp-json\/wp\/v2\/media\/11919"}],"wp:attachment":[{"href":"https:\/\/www.cacauechocolate.com.br\/v1\/wp-json\/wp\/v2\/media?parent=11918"}],"wp:term":[{"taxonomy":"category","embeddable":true,"href":"https:\/\/www.cacauechocolate.com.br\/v1\/wp-json\/wp\/v2\/categories?post=11918"},{"taxonomy":"post_tag","embeddable":true,"href":"https:\/\/www.cacauechocolate.com.br\/v1\/wp-json\/wp\/v2\/tags?post=11918"}],"curies":[{"name":"wp","href":"https:\/\/api.w.org\/{rel}","templated":true}]}}