{"id":12076,"date":"2025-07-14T08:00:28","date_gmt":"2025-07-14T11:00:28","guid":{"rendered":"https:\/\/www.cacauechocolate.com.br\/v1\/?p=12076"},"modified":"2025-07-14T09:16:00","modified_gmt":"2025-07-14T12:16:00","slug":"parceiros-da-mata-inicia-nova-etapa-com-forte-mobilizacao-nos-territorios-da-mata-atlantica","status":"publish","type":"post","link":"https:\/\/www.cacauechocolate.com.br\/v1\/2025\/07\/14\/parceiros-da-mata-inicia-nova-etapa-com-forte-mobilizacao-nos-territorios-da-mata-atlantica\/","title":{"rendered":"Parceiros da Mata inicia nova etapa com forte mobiliza\u00e7\u00e3o nos territ\u00f3rios da Mata Atl\u00e2ntica"},"content":{"rendered":"<div>A semana foi marcada por um importante movimento em prol do desenvolvimento sustent\u00e1vel do rural baiano. Entre os dias 7 e 10 de julho, a Companhia de Desenvolvimento e A\u00e7\u00e3o Regional (CAR) promoveu uma s\u00e9rie de encontros nos territ\u00f3rios do Vale do Jiquiri\u00e7\u00e1, Baixo Sul, M\u00e9dio Rio de Contas e Litoral Sul, para apresentar as comunidades selecionadas na primeira etapa do Projeto Parceiros da Mata.<\/div>\n<div><\/div>\n<div>A iniciativa, executada pela CAR, com cofinanciamento do B\u00e9 uma das maiores a\u00e7\u00f5es do Governo da Bahia voltadas \u00e0 valoriza\u00e7\u00e3o das comunidades tradicionais e ao fortalecimento da agricultura familiar no bioma Mata Atl\u00e2ntica.<\/div>\n<div><img loading=\"lazy\" decoding=\"async\" class=\"aligncenter wp-image-12078\" src=\"https:\/\/www.cacauechocolate.com.br\/v1\/wp-content\/uploads\/2025\/07\/WhatsApp-Image-2025-07-11-at-17.14.47.jpeg\" alt=\"\" width=\"390\" height=\"220\" srcset=\"https:\/\/www.cacauechocolate.com.br\/v1\/wp-content\/uploads\/2025\/07\/WhatsApp-Image-2025-07-11-at-17.14.47.jpeg 765w, https:\/\/www.cacauechocolate.com.br\/v1\/wp-content\/uploads\/2025\/07\/WhatsApp-Image-2025-07-11-at-17.14.47-300x169.jpeg 300w, https:\/\/www.cacauechocolate.com.br\/v1\/wp-content\/uploads\/2025\/07\/WhatsApp-Image-2025-07-11-at-17.14.47-390x220.jpeg 390w\" sizes=\"(max-width: 390px) 100vw, 390px\" \/><\/div>\n<div><\/div>\n<div>Durante as reuni\u00f5es, que aconteceram em Mutu\u00edpe, Gandu, Ipia\u00fa e Itaju\u00edpe, foi realizada a devolutiva do processo de cadastramento e sele\u00e7\u00e3o das 600 comunidades que receber\u00e3o assist\u00eancia t\u00e9cnica continuada e contextualizada. O objetivo \u00e9 garantir inclus\u00e3o socioprodutiva e adapta\u00e7\u00e3o \u00e0s mudan\u00e7as clim\u00e1ticas, com foco especial em povos ind\u00edgenas, comunidades quilombolas, marisqueiras, pescadores artesanais, extrativistas e assentados da reforma agr\u00e1ria.<\/div>\n<div><\/div>\n<div><\/div>\n<div>Para o diretor-presidente da CAR, Jeandro Ribeiro, o projeto \u00e9 fruto de um esfor\u00e7o coletivo. Junto com prefeitos e prefeitas, cons\u00f3rcios e entidades de ATER, queremos que esse projeto seja um sucesso. \u00c9 uma soma de esfor\u00e7os do Governo do Estado para gerar distribui\u00e7\u00e3o de renda, qualidade de vida e sustentabilidade. Isso \u00e9 o Parceiros da Mata, constru\u00eddo com todas essas m\u00e3os juntas&#8221;, afirmou.<\/div>\n<div><img loading=\"lazy\" decoding=\"async\" class=\"aligncenter wp-image-12079\" src=\"https:\/\/www.cacauechocolate.com.br\/v1\/wp-content\/uploads\/2025\/07\/1-47.jpg\" alt=\"\" width=\"423\" height=\"317\" srcset=\"https:\/\/www.cacauechocolate.com.br\/v1\/wp-content\/uploads\/2025\/07\/1-47.jpg 644w, https:\/\/www.cacauechocolate.com.br\/v1\/wp-content\/uploads\/2025\/07\/1-47-300x225.jpg 300w\" sizes=\"(max-width: 423px) 100vw, 423px\" \/><\/div>\n<div><\/div>\n<div>A coordenadora executiva do projeto, Cida Oliva, fez um balan\u00e7o positivo da semana de mobiliza\u00e7\u00e3o. \u201cTivemos, em todos os territ\u00f3rios, uma participa\u00e7\u00e3o muito expressiva, envolvendo prefeitos e prefeitas, secret\u00e1rios e secret\u00e1rias de Agricultura, representantes da sociedade civil e dos colegiados territoriais. Isso demonstra a import\u00e2ncia que est\u00e1 sendo dada ao Parceiros da Mata e a esperan\u00e7a de que dias melhores vir\u00e3o, sobretudo para os agricultores e agricultoras familiares. Com essa devolutiva, vamos acelerar os passos rumo \u00e0 contrata\u00e7\u00e3o da assist\u00eancia t\u00e9cnica continuada, essencial para garantir que 20 mil fam\u00edlias sejam beneficiadas, com foco naquelas que mais precisam&#8221;, destacou.<\/div>\n<div><img loading=\"lazy\" decoding=\"async\" class=\"aligncenter wp-image-11534\" src=\"https:\/\/www.cacauechocolate.com.br\/v1\/wp-content\/uploads\/2025\/05\/parceiros-1.jpg\" alt=\"\" width=\"351\" height=\"234\" srcset=\"https:\/\/www.cacauechocolate.com.br\/v1\/wp-content\/uploads\/2025\/05\/parceiros-1.jpg 512w, https:\/\/www.cacauechocolate.com.br\/v1\/wp-content\/uploads\/2025\/05\/parceiros-1-300x200.jpg 300w\" sizes=\"(max-width: 351px) 100vw, 351px\" \/><\/div>\n<div><\/div>\n<div>Com atua\u00e7\u00e3o em 77 munic\u00edpios, o Parceiros da Mata impactar\u00e1 diretamente a vida de cerca de 352 mil pessoas. O projeto fortalece a produ\u00e7\u00e3o rural, amplia o acesso a pol\u00edticas p\u00fablicas e representa uma alian\u00e7a entre desenvolvimento rural e preserva\u00e7\u00e3o ambiental.<\/div>\n<div><\/div>\n<div>(Fotos Divulga\u00e7\u00e3o CAR)<\/div>\n","protected":false},"excerpt":{"rendered":"<p>A semana foi marcada por um importante movimento em prol do desenvolvimento sustent\u00e1vel do rural baiano. Entre os dias 7 e 10 de julho, a Companhia de Desenvolvimento e A\u00e7\u00e3o Regional (CAR) promoveu uma s\u00e9rie de encontros nos territ\u00f3rios do Vale do Jiquiri\u00e7\u00e1, Baixo Sul, M\u00e9dio Rio de Contas e Litoral Sul, para apresentar as &hellip;<\/p>\n","protected":false},"author":2,"featured_media":12077,"comment_status":"open","ping_status":"open","sticky":false,"template":"","format":"standard","meta":{"footnotes":"","_links_to":"","_links_to_target":""},"categories":[3,1],"tags":[2814,917,31,1113],"class_list":["post-12076","post","type-post","status-publish","format-standard","has-post-thumbnail","hentry","category-destaques","category-geral","tag-anco-interamericano-de-desenvolvimento-bid-fundo-internacional-de-desenvolvimento-agricola-fida","tag-companhia-de-desenvolvimento-e-acao-regional-car","tag-governo-da-bahia","tag-projeto-parceiros-da-mata"],"views":527,"_links":{"self":[{"href":"https:\/\/www.cacauechocolate.com.br\/v1\/wp-json\/wp\/v2\/posts\/12076"}],"collection":[{"href":"https:\/\/www.cacauechocolate.com.br\/v1\/wp-json\/wp\/v2\/posts"}],"about":[{"href":"https:\/\/www.cacauechocolate.com.br\/v1\/wp-json\/wp\/v2\/types\/post"}],"author":[{"embeddable":true,"href":"https:\/\/www.cacauechocolate.com.br\/v1\/wp-json\/wp\/v2\/users\/2"}],"replies":[{"embeddable":true,"href":"https:\/\/www.cacauechocolate.com.br\/v1\/wp-json\/wp\/v2\/comments?post=12076"}],"version-history":[{"count":1,"href":"https:\/\/www.cacauechocolate.com.br\/v1\/wp-json\/wp\/v2\/posts\/12076\/revisions"}],"predecessor-version":[{"id":12080,"href":"https:\/\/www.cacauechocolate.com.br\/v1\/wp-json\/wp\/v2\/posts\/12076\/revisions\/12080"}],"wp:featuredmedia":[{"embeddable":true,"href":"https:\/\/www.cacauechocolate.com.br\/v1\/wp-json\/wp\/v2\/media\/12077"}],"wp:attachment":[{"href":"https:\/\/www.cacauechocolate.com.br\/v1\/wp-json\/wp\/v2\/media?parent=12076"}],"wp:term":[{"taxonomy":"category","embeddable":true,"href":"https:\/\/www.cacauechocolate.com.br\/v1\/wp-json\/wp\/v2\/categories?post=12076"},{"taxonomy":"post_tag","embeddable":true,"href":"https:\/\/www.cacauechocolate.com.br\/v1\/wp-json\/wp\/v2\/tags?post=12076"}],"curies":[{"name":"wp","href":"https:\/\/api.w.org\/{rel}","templated":true}]}}