{"id":121,"date":"2019-07-22T09:52:47","date_gmt":"2019-07-22T12:52:47","guid":{"rendered":"https:\/\/www.cacauechocolate.com.br\/v1\/?p=121"},"modified":"2019-07-24T17:58:58","modified_gmt":"2019-07-24T20:58:58","slug":"variedade-do-cacau-e-do-chocolate-do-para-no-chocolat-festival-2019","status":"publish","type":"post","link":"https:\/\/www.cacauechocolate.com.br\/v1\/2019\/07\/22\/variedade-do-cacau-e-do-chocolate-do-para-no-chocolat-festival-2019\/","title":{"rendered":"Variedade do cacau e do chocolate do Par\u00e1 no Chocolat Festival 2019"},"content":{"rendered":"<p>&nbsp;<\/p>\n<p>Das barras r\u00fasticas \u00e0s refinadas, produtos org\u00e2nicos e diferenciados como o nibs de cacau embrulhado na pr\u00f3pria folha da \u00e1rvore do fruto nativo da Amaz\u00f4nia, o cacau e o chocolate genuinamente paraenses chamam a aten\u00e7\u00e3o do grande p\u00fablico da 11\u00aa edi\u00e7\u00e3o do Festival Internacional do Chocolate e Cacau de Ilh\u00e9us.<\/p>\n<p>Produtores de cooperativas do chamado polo cacaueiro da Transamaz\u00f4nica, regi\u00e3o que concentra 75% da produ\u00e7\u00e3o estadual, integram a caravana organizada pelo Governo do Par\u00e1, com empreendimentos solid\u00e1rios das cidades de Anapu, Brasil Novo, Vit\u00f3ria do Xingu, Uruar\u00e1 e Altamira, onde fica a central que recebe toda a produ\u00e7\u00e3o dos cooperados. Al\u00e9m disso, os lan\u00e7amentos de empresas como a Chocolates Cacauway, Filha do Combu e Nayah &#8211; Sabores da Amaz\u00f4nia integram a comitiva, empreendimentos que apresentam tecnologia agregada.<\/p>\n<p><img loading=\"lazy\" decoding=\"async\" class=\"alignleft size-medium wp-image-124\" src=\"https:\/\/www.cacauechocolate.com.br\/v1\/wp-content\/uploads\/2019\/07\/para-5-300x200.jpg\" alt=\"\" width=\"300\" height=\"200\" srcset=\"https:\/\/www.cacauechocolate.com.br\/v1\/wp-content\/uploads\/2019\/07\/para-5-300x200.jpg 300w, https:\/\/www.cacauechocolate.com.br\/v1\/wp-content\/uploads\/2019\/07\/para-5-768x512.jpg 768w, https:\/\/www.cacauechocolate.com.br\/v1\/wp-content\/uploads\/2019\/07\/para-5.jpg 800w\" sizes=\"(max-width: 300px) 100vw, 300px\" \/>&#8220;A Filha do Combu e a Cacau Way partem da \u00e1rvore at\u00e9 o chocolate fino, e a Nayah parte da am\u00eandoa e tem inova\u00e7\u00f5es com mat\u00e9rias-primas como o a\u00e7a\u00ed e o cupua\u00e7u que al\u00e9m de agregar valor a seus produtos, difundem os nomes Par\u00e1 e Amaz\u00f4nia com diferencial, \u00e9 isso que a gente precisa para ter um chocolate competitivo com a marca do Par\u00e1&#8221;, observou o engenheiro de Alimentos, professor doutor da Universidade Federal do Par\u00e1 (UFPA), Jesus Souza, que acompanha a comitiva paraense.<\/p>\n<p>Morador de Pacaj\u00e1, no sudoeste paraense e cerca de 600 Km de Bel\u00e9m, o agricultor familiar Jader Adriano da Silva Santos, integra o grupo de cinco cooperativas da Transamaz\u00f4nica representado no Festival de Ilh\u00e9us.<\/p>\n<figure id=\"attachment_123\" aria-describedby=\"caption-attachment-123\" style=\"width: 300px\" class=\"wp-caption alignright\"><img loading=\"lazy\" decoding=\"async\" class=\"size-medium wp-image-123\" src=\"https:\/\/www.cacauechocolate.com.br\/v1\/wp-content\/uploads\/2019\/07\/jader-adriano-par\u00e1-3-300x200.jpg\" alt=\"\" width=\"300\" height=\"200\" srcset=\"https:\/\/www.cacauechocolate.com.br\/v1\/wp-content\/uploads\/2019\/07\/jader-adriano-par\u00e1-3-300x200.jpg 300w, https:\/\/www.cacauechocolate.com.br\/v1\/wp-content\/uploads\/2019\/07\/jader-adriano-par\u00e1-3.jpg 400w\" sizes=\"(max-width: 300px) 100vw, 300px\" \/><figcaption id=\"caption-attachment-123\" class=\"wp-caption-text\">Jader Adriano<\/figcaption><\/figure>\n<p>&#8220;Toda nossa produ\u00e7\u00e3o \u00e9 org\u00e2nica, a gente trabalha com mandioca, banana, tamb\u00e9m com piscicultura mas o carro-chefe \u00e9 o cacau. S\u00f3 que a gente quer dar um passo adiante, avan\u00e7ar, n\u00e3o quer apenas a am\u00eandoa, a gente quer mesmo \u00e9 o chocolate fino&#8221;, afirmou Jader Santos.<\/p>\n<p>Ele contou que a ideia das cooperativas \u00e9 ganhar for\u00e7a e dispensar, por exemplo, a figura dos atravessadores que acabam ficando com a maior remunera\u00e7\u00e3o da produ\u00e7\u00e3o. &#8220;Vou dar s\u00f3 um exemplo, o quilo da am\u00eandoa do cacau sai a R$ 9,50, se a gente negociar com o atravessador, pela nossa cooperativa, o produtor consegue R$ 16&#8221;, disse.<\/p>\n<p>&#8220;Temos tr\u00eas caminh\u00f5es. Estou feliz de estar aqui aprendendo, ainda bem que esse novo governo do Par\u00e1 est\u00e1 junto com a gente&#8221;, frisou Jader Santos, que desde a \u00faltima ter\u00e7a-feira (16), participa em Ilh\u00e9us da miss\u00e3o oficial do Par\u00e1, em visitas \u00e0s fazendas e empresas baianas, conhecendo as tend\u00eancias atuais, processos produtivos e novos modelos de neg\u00f3cios.<\/p>\n<figure id=\"attachment_122\" aria-describedby=\"caption-attachment-122\" style=\"width: 300px\" class=\"wp-caption aligncenter\"><img loading=\"lazy\" decoding=\"async\" class=\"size-medium wp-image-122\" src=\"https:\/\/www.cacauechocolate.com.br\/v1\/wp-content\/uploads\/2019\/07\/para-4-guilherme-moura-300x200.jpg\" alt=\"\" width=\"300\" height=\"200\" srcset=\"https:\/\/www.cacauechocolate.com.br\/v1\/wp-content\/uploads\/2019\/07\/para-4-guilherme-moura-300x200.jpg 300w, https:\/\/www.cacauechocolate.com.br\/v1\/wp-content\/uploads\/2019\/07\/para-4-guilherme-moura.jpg 400w\" sizes=\"(max-width: 300px) 100vw, 300px\" \/><figcaption id=\"caption-attachment-122\" class=\"wp-caption-text\">Guilherme Moura<\/figcaption><\/figure>\n<p>O experiente produtor de cacau, em Camacan, munic\u00edpio vizinho a Ilh\u00e9us, Guilherme Moura, se impressionou com a produ\u00e7\u00e3o paraense. &#8220;Acabei de provar aqui um produto interessant\u00edssimo, o cacau forasteiro que geralmente \u00e9 um cacau um pouco mais forte, e para a proposta de um chocolate intenso, ele \u00e9 um produto suave, equilibrado, j\u00e1 provei o cacau forasteiro muito \u00e1rido, mas esse me surpreendeu&#8221;, assegurou Guilherme, referindo-se \u00e0s barras artesanais da Filha de Combu, de Izete Costa, mais conhecida em Bel\u00e9m como a dona Nena, do Combu. (fonte: ASCOM\/Sedeme)<\/p>\n","protected":false},"excerpt":{"rendered":"<p>&nbsp; Das barras r\u00fasticas \u00e0s refinadas, produtos org\u00e2nicos e diferenciados como o nibs de cacau embrulhado na pr\u00f3pria folha da \u00e1rvore do fruto nativo da Amaz\u00f4nia, o cacau e o chocolate genuinamente paraenses chamam a aten\u00e7\u00e3o do grande p\u00fablico da 11\u00aa edi\u00e7\u00e3o do Festival Internacional do Chocolate e Cacau de Ilh\u00e9us. Produtores de cooperativas do &hellip;<\/p>\n","protected":false},"author":2,"featured_media":125,"comment_status":"open","ping_status":"open","sticky":false,"template":"","format":"standard","meta":{"footnotes":"","_links_to":"","_links_to_target":""},"categories":[3,1],"tags":[36,47,46,21],"class_list":["post-121","post","type-post","status-publish","format-standard","has-post-thumbnail","hentry","category-destaques","category-geral","tag-agricultura-familiar","tag-chocolat-festival-2019","tag-chocolate-do-para","tag-ilheus"],"views":1458,"_links":{"self":[{"href":"https:\/\/www.cacauechocolate.com.br\/v1\/wp-json\/wp\/v2\/posts\/121"}],"collection":[{"href":"https:\/\/www.cacauechocolate.com.br\/v1\/wp-json\/wp\/v2\/posts"}],"about":[{"href":"https:\/\/www.cacauechocolate.com.br\/v1\/wp-json\/wp\/v2\/types\/post"}],"author":[{"embeddable":true,"href":"https:\/\/www.cacauechocolate.com.br\/v1\/wp-json\/wp\/v2\/users\/2"}],"replies":[{"embeddable":true,"href":"https:\/\/www.cacauechocolate.com.br\/v1\/wp-json\/wp\/v2\/comments?post=121"}],"version-history":[{"count":2,"href":"https:\/\/www.cacauechocolate.com.br\/v1\/wp-json\/wp\/v2\/posts\/121\/revisions"}],"predecessor-version":[{"id":172,"href":"https:\/\/www.cacauechocolate.com.br\/v1\/wp-json\/wp\/v2\/posts\/121\/revisions\/172"}],"wp:featuredmedia":[{"embeddable":true,"href":"https:\/\/www.cacauechocolate.com.br\/v1\/wp-json\/wp\/v2\/media\/125"}],"wp:attachment":[{"href":"https:\/\/www.cacauechocolate.com.br\/v1\/wp-json\/wp\/v2\/media?parent=121"}],"wp:term":[{"taxonomy":"category","embeddable":true,"href":"https:\/\/www.cacauechocolate.com.br\/v1\/wp-json\/wp\/v2\/categories?post=121"},{"taxonomy":"post_tag","embeddable":true,"href":"https:\/\/www.cacauechocolate.com.br\/v1\/wp-json\/wp\/v2\/tags?post=121"}],"curies":[{"name":"wp","href":"https:\/\/api.w.org\/{rel}","templated":true}]}}