{"id":14907,"date":"2025-12-26T16:41:25","date_gmt":"2025-12-26T19:41:25","guid":{"rendered":"https:\/\/www.cacauechocolate.com.br\/v1\/?p=14907"},"modified":"2025-12-26T16:41:39","modified_gmt":"2025-12-26T19:41:39","slug":"itacare-tera-festa-de-reveillon-expectativa-e-de-100-de-ocupacao-na-rede-hoteleira","status":"publish","type":"post","link":"https:\/\/www.cacauechocolate.com.br\/v1\/2025\/12\/26\/itacare-tera-festa-de-reveillon-expectativa-e-de-100-de-ocupacao-na-rede-hoteleira\/","title":{"rendered":"Itacar\u00e9 ter\u00e1 festa de R\u00e9veillon; expectativa \u00e9 de 100% de ocupa\u00e7\u00e3o na rede hoteleira"},"content":{"rendered":"<p>Itacar\u00e9 j\u00e1 est\u00e1 em clima de festa para celebrar a chegada de 2026. A Prefeitura de Itacar\u00e9 anunciou as atra\u00e7\u00f5es do R\u00e9veillon, que acontece nos dias 30 e 31 de dezembro, na orla da cidade, reunindo grandes nomes da m\u00fasica baiana e nacional. Est\u00e3o confirmados os shows de Fantasm\u00e3o, Escandurras, La F\u00faria, Papazoni, Mussuta\u00edba e Bruta Ra\u00e7a, garantindo dois dias de muita anima\u00e7\u00e3o para moradores e visitantes.<\/p>\n<p>O evento \u00e9 uma realiza\u00e7\u00e3o da Prefeitura de Itacar\u00e9, com apoio da C\u00e2mara de Vereadores, do Governo do Estado da Bahia e patroc\u00ednio do Governo Federal, por meio do Minist\u00e9rio do Turismo, refor\u00e7ando o compromisso com o fortalecimento do turismo, da economia local e da gera\u00e7\u00e3o de emprego e renda no munic\u00edpio.<\/p>\n<figure id=\"attachment_9156\" aria-describedby=\"caption-attachment-9156\" style=\"width: 384px\" class=\"wp-caption aligncenter\"><img loading=\"lazy\" decoding=\"async\" class=\" wp-image-9156\" src=\"https:\/\/www.cacauechocolate.com.br\/v1\/wp-content\/uploads\/2024\/11\/nav-2.jpeg\" alt=\"\" width=\"384\" height=\"198\" srcset=\"https:\/\/www.cacauechocolate.com.br\/v1\/wp-content\/uploads\/2024\/11\/nav-2.jpeg 694w, https:\/\/www.cacauechocolate.com.br\/v1\/wp-content\/uploads\/2024\/11\/nav-2-300x155.jpeg 300w\" sizes=\"(max-width: 384px) 100vw, 384px\" \/><figcaption id=\"caption-attachment-9156\" class=\"wp-caption-text\">Orla de Itacar\u00e9 \u2013 Imagens Tarek Roveran<\/figcaption><\/figure>\n<p>De acordo com o prefeito Nego de Saronga, a expectativa para o per\u00edodo \u00e9 extremamente positiva. \u201cItacar\u00e9 vive um momento muito especial. Nossa previs\u00e3o \u00e9 de 100% de ocupa\u00e7\u00e3o na rede hoteleira, o que demonstra a for\u00e7a do turismo e o quanto nossa cidade est\u00e1 preparada para receber bem quem nos visita. O R\u00e9veillon foi planejado com responsabilidade, valorizando a cultura, movimentando a economia e promovendo alegria para o nosso povo\u201d, destacou o gestor.<\/p>\n<p>&nbsp;<\/p>\n<p>Com estrutura, seguran\u00e7a e uma programa\u00e7\u00e3o diversificada, o R\u00e9veillon de Itacar\u00e9 se consolida como um dos principais eventos do calend\u00e1rio tur\u00edstico do sul da Bahia, atraindo milhares de pessoas para celebrar a virada do ano em um dos destinos mais encantadores do Brasil.<\/p>\n","protected":false},"excerpt":{"rendered":"<p>Itacar\u00e9 j\u00e1 est\u00e1 em clima de festa para celebrar a chegada de 2026. A Prefeitura de Itacar\u00e9 anunciou as atra\u00e7\u00f5es do R\u00e9veillon, que acontece nos dias 30 e 31 de dezembro, na orla da cidade, reunindo grandes nomes da m\u00fasica baiana e nacional. Est\u00e3o confirmados os shows de Fantasm\u00e3o, Escandurras, La F\u00faria, Papazoni, Mussuta\u00edba e &hellip;<\/p>\n","protected":false},"author":2,"featured_media":14908,"comment_status":"open","ping_status":"open","sticky":false,"template":"","format":"standard","meta":{"footnotes":"","_links_to":"","_links_to_target":""},"categories":[3,1],"tags":[5,2235,6],"class_list":["post-14907","post","type-post","status-publish","format-standard","has-post-thumbnail","hentry","category-destaques","category-geral","tag-itacare","tag-reveillon","tag-sul-da-bahia"],"views":386,"_links":{"self":[{"href":"https:\/\/www.cacauechocolate.com.br\/v1\/wp-json\/wp\/v2\/posts\/14907"}],"collection":[{"href":"https:\/\/www.cacauechocolate.com.br\/v1\/wp-json\/wp\/v2\/posts"}],"about":[{"href":"https:\/\/www.cacauechocolate.com.br\/v1\/wp-json\/wp\/v2\/types\/post"}],"author":[{"embeddable":true,"href":"https:\/\/www.cacauechocolate.com.br\/v1\/wp-json\/wp\/v2\/users\/2"}],"replies":[{"embeddable":true,"href":"https:\/\/www.cacauechocolate.com.br\/v1\/wp-json\/wp\/v2\/comments?post=14907"}],"version-history":[{"count":1,"href":"https:\/\/www.cacauechocolate.com.br\/v1\/wp-json\/wp\/v2\/posts\/14907\/revisions"}],"predecessor-version":[{"id":14909,"href":"https:\/\/www.cacauechocolate.com.br\/v1\/wp-json\/wp\/v2\/posts\/14907\/revisions\/14909"}],"wp:featuredmedia":[{"embeddable":true,"href":"https:\/\/www.cacauechocolate.com.br\/v1\/wp-json\/wp\/v2\/media\/14908"}],"wp:attachment":[{"href":"https:\/\/www.cacauechocolate.com.br\/v1\/wp-json\/wp\/v2\/media?parent=14907"}],"wp:term":[{"taxonomy":"category","embeddable":true,"href":"https:\/\/www.cacauechocolate.com.br\/v1\/wp-json\/wp\/v2\/categories?post=14907"},{"taxonomy":"post_tag","embeddable":true,"href":"https:\/\/www.cacauechocolate.com.br\/v1\/wp-json\/wp\/v2\/tags?post=14907"}],"curies":[{"name":"wp","href":"https:\/\/api.w.org\/{rel}","templated":true}]}}