{"id":15775,"date":"2026-02-24T11:19:01","date_gmt":"2026-02-24T14:19:01","guid":{"rendered":"https:\/\/www.cacauechocolate.com.br\/v1\/?p=15775"},"modified":"2026-02-24T11:21:38","modified_gmt":"2026-02-24T14:21:38","slug":"faeb-senar-e-cna-destacam-proibicao-de-importacao-de-amendoas-de-cacau-da-costa-do-marfim-e-defendem-revisao-do-drawback","status":"publish","type":"post","link":"https:\/\/www.cacauechocolate.com.br\/v1\/2026\/02\/24\/faeb-senar-e-cna-destacam-proibicao-de-importacao-de-amendoas-de-cacau-da-costa-do-marfim-e-defendem-revisao-do-drawback\/","title":{"rendered":"Faeb-Senar e CNA destacam proibi\u00e7\u00e3o de importa\u00e7\u00e3o de am\u00eandoas de cacau da Costa do Marfim e defendem revis\u00e3o do drawback"},"content":{"rendered":"<p>A decis\u00e3o do Minist\u00e9rio da Agricultura e Pecu\u00e1ria \u00a0que suspende temporariamente a importa\u00e7\u00e3o de cacau da Costa do Marfim foi recebida de forma positiva pela Federa\u00e7\u00e3o de Agricultura do Estado da Bahia-Faeb e Confedera\u00e7\u00e3o da Agricultura e Pecu\u00e1ria do Brasil (CNA), que participaram de uma \u00a0reuni\u00e3o t\u00e9cnica com o MAPA \u00a0em novembro, quando foram apresentadas preocupa\u00e7\u00f5es relacionadas \u00e0 sanidade vegetal e solicitada a revis\u00e3o da An\u00e1lise de Risco de Pragas (ARP).<\/p>\n<p>O tema vem sendo acompanhado com rigor e aten\u00e7\u00e3o pelas duas entidades. De acordo com o presidente do Sistema Faeb\/Senar, Humberto Miranda, a decis\u00e3o decorre de um processo t\u00e9cnico conduzido pelas autoridades sanit\u00e1rias brasileiras.<\/p>\n<figure id=\"attachment_15776\" aria-describedby=\"caption-attachment-15776\" style=\"width: 300px\" class=\"wp-caption aligncenter\"><img loading=\"lazy\" decoding=\"async\" class=\"size-full wp-image-15776\" src=\"https:\/\/www.cacauechocolate.com.br\/v1\/wp-content\/uploads\/2026\/02\/faeb.jpg\" alt=\"\" width=\"300\" height=\"168\" \/><figcaption id=\"caption-attachment-15776\" class=\"wp-caption-text\">Humberto Miranda,<\/figcaption><\/figure>\n<p>\u201cO envio da miss\u00e3o e a publica\u00e7\u00e3o da medida refletem o funcionamento dos protocolos de defesa agropecu\u00e1ria, que t\u00eam como base crit\u00e9rios t\u00e9cnicos e cient\u00edficos. Trata-se de um procedimento previsto para avaliar riscos e subsidiar as decis\u00f5es relacionadas ao com\u00e9rcio internacional de produtos agr\u00edcolas\u201d, afirmou.<\/p>\n<p>Segundo ele, a Faeb tamb\u00e9m segue atuando em duas frentes: a revis\u00e3o do drawback na importa\u00e7\u00e3o e a um estudo sobre a forma\u00e7\u00e3o do pre\u00e7o interno do cacau e uma eventual carteiriza\u00e7\u00e3o no setor.<\/p>\n<p><img loading=\"lazy\" decoding=\"async\" class=\"aligncenter wp-image-10111\" src=\"https:\/\/www.cacauechocolate.com.br\/v1\/wp-content\/uploads\/2025\/01\/cacau-africa.jpg\" alt=\"\" width=\"375\" height=\"211\" srcset=\"https:\/\/www.cacauechocolate.com.br\/v1\/wp-content\/uploads\/2025\/01\/cacau-africa.jpg 512w, https:\/\/www.cacauechocolate.com.br\/v1\/wp-content\/uploads\/2025\/01\/cacau-africa-300x169.jpg 300w, https:\/\/www.cacauechocolate.com.br\/v1\/wp-content\/uploads\/2025\/01\/cacau-africa-390x220.jpg 390w\" sizes=\"(max-width: 375px) 100vw, 375px\" \/><\/p>\n<p>A medida do Minist\u00e9rio da Agricultura, publicada no Di\u00e1rio Oficial da Uni\u00e3o desta ter\u00e7a-feira (24), \u00e9 baseada em uma nova an\u00e1lise de risco fitossanit\u00e1rio realizada pela miss\u00e3o t\u00e9cnica brasileira no pa\u00eds africano, entre os dias 1 e 14 de fevereiro, cujo relat\u00f3rio deve ser divulgado at\u00e9 o final desta semana.<\/p>\n","protected":false},"excerpt":{"rendered":"<p>A decis\u00e3o do Minist\u00e9rio da Agricultura e Pecu\u00e1ria \u00a0que suspende temporariamente a importa\u00e7\u00e3o de cacau da Costa do Marfim foi recebida de forma positiva pela Federa\u00e7\u00e3o de Agricultura do Estado da Bahia-Faeb e Confedera\u00e7\u00e3o da Agricultura e Pecu\u00e1ria do Brasil (CNA), que participaram de uma \u00a0reuni\u00e3o t\u00e9cnica com o MAPA \u00a0em novembro, quando foram apresentadas &hellip;<\/p>\n","protected":false},"author":2,"featured_media":10384,"comment_status":"open","ping_status":"open","sticky":false,"template":"","format":"standard","meta":{"footnotes":"","_links_to":"","_links_to_target":""},"categories":[3,1],"tags":[1111,3664,3665,908,3663],"class_list":["post-15775","post","type-post","status-publish","format-standard","has-post-thumbnail","hentry","category-destaques","category-geral","tag-confederacao-da-agricultura-e-pecuaria-do-brasil-cna","tag-federacao-de-agricultura-do-estado-da-bahia-faeb","tag-humberto-miranda","tag-ministerio-da-agricultura","tag-proibicao-de-importacao-de-amendoas-de-cacau-da-costa-do-marfim"],"views":151,"_links":{"self":[{"href":"https:\/\/www.cacauechocolate.com.br\/v1\/wp-json\/wp\/v2\/posts\/15775"}],"collection":[{"href":"https:\/\/www.cacauechocolate.com.br\/v1\/wp-json\/wp\/v2\/posts"}],"about":[{"href":"https:\/\/www.cacauechocolate.com.br\/v1\/wp-json\/wp\/v2\/types\/post"}],"author":[{"embeddable":true,"href":"https:\/\/www.cacauechocolate.com.br\/v1\/wp-json\/wp\/v2\/users\/2"}],"replies":[{"embeddable":true,"href":"https:\/\/www.cacauechocolate.com.br\/v1\/wp-json\/wp\/v2\/comments?post=15775"}],"version-history":[{"count":2,"href":"https:\/\/www.cacauechocolate.com.br\/v1\/wp-json\/wp\/v2\/posts\/15775\/revisions"}],"predecessor-version":[{"id":15778,"href":"https:\/\/www.cacauechocolate.com.br\/v1\/wp-json\/wp\/v2\/posts\/15775\/revisions\/15778"}],"wp:featuredmedia":[{"embeddable":true,"href":"https:\/\/www.cacauechocolate.com.br\/v1\/wp-json\/wp\/v2\/media\/10384"}],"wp:attachment":[{"href":"https:\/\/www.cacauechocolate.com.br\/v1\/wp-json\/wp\/v2\/media?parent=15775"}],"wp:term":[{"taxonomy":"category","embeddable":true,"href":"https:\/\/www.cacauechocolate.com.br\/v1\/wp-json\/wp\/v2\/categories?post=15775"},{"taxonomy":"post_tag","embeddable":true,"href":"https:\/\/www.cacauechocolate.com.br\/v1\/wp-json\/wp\/v2\/tags?post=15775"}],"curies":[{"name":"wp","href":"https:\/\/api.w.org\/{rel}","templated":true}]}}