{"id":16883,"date":"2026-04-28T08:42:59","date_gmt":"2026-04-28T11:42:59","guid":{"rendered":"https:\/\/www.cacauechocolate.com.br\/v1\/?p=16883"},"modified":"2026-04-27T11:53:17","modified_gmt":"2026-04-27T14:53:17","slug":"em-portugal-brasil-origem-week-apresenta-programacao-diversificada-para-estreia-no-palacio-da-bolsa","status":"publish","type":"post","link":"https:\/\/www.cacauechocolate.com.br\/v1\/2026\/04\/28\/em-portugal-brasil-origem-week-apresenta-programacao-diversificada-para-estreia-no-palacio-da-bolsa\/","title":{"rendered":"Em Portugal, Brasil Origem Week apresenta programa\u00e7\u00e3o diversificada para estreia no Pal\u00e1cio da Bolsa"},"content":{"rendered":"<p dir=\"ltr\">O Brasil Origem Week Porto acontece nos dias 1, 2 e 3 de maio, no Pal\u00e1cio da Bolsa, com uma programa\u00e7\u00e3o dedicada \u00e0 gastronomia, cultura, turismo e neg\u00f3cios. Ao longo dos tr\u00eas dias, a feira re\u00fane chefs, artistas, empres\u00e1rios e representantes institucionais numa agenda diversificada que inclui showcooking, degusta\u00e7\u00f5es, exposi\u00e7\u00f5es de fotografia, pintura, m\u00fasica ao vivo, debates, palestras e uma feira de produtos brasileiros.<\/p>\n<p>&nbsp;<\/p>\n<figure id=\"attachment_16884\" aria-describedby=\"caption-attachment-16884\" style=\"width: 267px\" class=\"wp-caption aligncenter\"><img loading=\"lazy\" decoding=\"async\" class=\" wp-image-16884\" src=\"https:\/\/www.cacauechocolate.com.br\/v1\/wp-content\/uploads\/2026\/04\/IMG_9570-1.jpeg\" alt=\"\" width=\"267\" height=\"290\" srcset=\"https:\/\/www.cacauechocolate.com.br\/v1\/wp-content\/uploads\/2026\/04\/IMG_9570-1.jpeg 603w, https:\/\/www.cacauechocolate.com.br\/v1\/wp-content\/uploads\/2026\/04\/IMG_9570-1-277x300.jpeg 277w\" sizes=\"(max-width: 267px) 100vw, 267px\" \/><figcaption id=\"caption-attachment-16884\" class=\"wp-caption-text\">Marco Lessa<\/figcaption><\/figure>\n<p dir=\"ltr\">\u201cEste \u00e9 um evento que nasce com o prop\u00f3sito de valorizar a origem, dar visibilidade a produtores e criar liga\u00e7\u00f5es reais entre o Brasil e Portugal. Mais do que apresentar produtos, queremos contar hist\u00f3rias, promover encontros e gerar oportunidades concretas de neg\u00f3cio\u201d, contou Marco Lessa, idealizador do Brasil Origem Week.<\/p>\n<p dir=\"ltr\">Com uma identidade marcada pela diversidade e pela valoriza\u00e7\u00e3o cultural brasileira, o evento prop\u00f5e uma experi\u00eancia imersiva que vai al\u00e9m da gastronomia. O p\u00fablico poder\u00e1 acompanhar a exposi\u00e7\u00e3o de fotografias de Daryan Dornelles, a exposi\u00e7\u00e3o cultural do Instituto Pernambuco e uma mostra de pinturas de Edina Costa, criando um ambiente din\u00e2mico e sensorial. A feira de produtos e as degusta\u00e7\u00f5es refor\u00e7am esta proposta, aproximando o visitante de sabores e saberes do Brasil. Entre os destaques est\u00e3o o Acaraj\u00e9 (Bahia), o Bolo de Rolo (Pernambuco) e o Arroz Paraense (Par\u00e1).<\/p>\n<p dir=\"ltr\"><img loading=\"lazy\" decoding=\"async\" class=\"aligncenter wp-image-16885\" src=\"https:\/\/www.cacauechocolate.com.br\/v1\/wp-content\/uploads\/2026\/04\/IMG_0496.jpeg\" alt=\"\" width=\"380\" height=\"253\" srcset=\"https:\/\/www.cacauechocolate.com.br\/v1\/wp-content\/uploads\/2026\/04\/IMG_0496.jpeg 765w, https:\/\/www.cacauechocolate.com.br\/v1\/wp-content\/uploads\/2026\/04\/IMG_0496-300x200.jpeg 300w\" sizes=\"(max-width: 380px) 100vw, 380px\" \/><\/p>\n<p dir=\"ltr\">A programa\u00e7\u00e3o que come\u00e7a na sexta-feira, 1 de maio, \u00e0s 14h, ser\u00e1 marcada por corte de fita e apresenta\u00e7\u00e3o da Batucada Radical. Ao longo do dia, destacam-se os showcookings com os chefs Cid\u00e1lia Fran\u00e7a, Marcos Monteiro e Ana Carolina Miranda, bem como o concerto de Klara Rodrigues e o espet\u00e1culo de Galdino Gal, com um tributo a Ney Matogrosso.<\/p>\n<p dir=\"ltr\">No s\u00e1bado (2), a agenda intensifica-se com o in\u00edcio do ciclo Di\u00e1logos do Porto, que promove reflex\u00f5es sobre temas estrat\u00e9gicos. A programa\u00e7\u00e3o inclui os pain\u00e9is \u201cAs m\u00fasicas que unem Brasil e Portugal\u201d, \u201cBrasil, um destino para visitar e investir\u201d, \u201cO futuro das rela\u00e7\u00f5es Brasil x Portugal\u201d e o debate sobre o acordo Mercosul\u2013Uni\u00e3o Europeia, al\u00e9m de showcookings com os chefs Maria Maia, Anderson Sousa, Caroline Giandalia e Emanuel S\u00e1vio. Concertos animam o Palco Maric\u00e1.<\/p>\n<p dir=\"ltr\"><img loading=\"lazy\" decoding=\"async\" class=\"aligncenter  wp-image-16889\" src=\"https:\/\/www.cacauechocolate.com.br\/v1\/wp-content\/uploads\/2026\/04\/ORIGEM-DIA03-756-de-846.jpg\" alt=\"\" width=\"382\" height=\"225\" srcset=\"https:\/\/www.cacauechocolate.com.br\/v1\/wp-content\/uploads\/2026\/04\/ORIGEM-DIA03-756-de-846.jpg 722w, https:\/\/www.cacauechocolate.com.br\/v1\/wp-content\/uploads\/2026\/04\/ORIGEM-DIA03-756-de-846-300x177.jpg 300w\" sizes=\"(max-width: 382px) 100vw, 382px\" \/><\/p>\n<p dir=\"ltr\">No domingo (3), o evento mant\u00e9m o ritmo com novas sess\u00f5es de showcooking, protagonizadas por chefs como Carol Brito, Zana Hora e Marcela Costa, e concertos que passam pela bossa nova e pelo forr\u00f3, com atua\u00e7\u00f5es de Helga Azevedo e do grupo Forr\u00f3 Xyss.<\/p>\n<p dir=\"ltr\">Ao longo dos tr\u00eas dias, o Brasil Origem Week Porto afirma-se como uma plataforma de promo\u00e7\u00e3o da cultura e da economia brasileira na Europa, refor\u00e7ando a liga\u00e7\u00e3o hist\u00f3rica e contempor\u00e2nea entre os dois pa\u00edses atrav\u00e9s de experi\u00eancias que combinam conte\u00fado, entretenimento e oportunidades de neg\u00f3cio.<\/p>\n<p dir=\"ltr\"><img loading=\"lazy\" decoding=\"async\" class=\"aligncenter wp-image-16886\" src=\"https:\/\/www.cacauechocolate.com.br\/v1\/wp-content\/uploads\/2026\/04\/IMG_0495.jpeg\" alt=\"\" width=\"405\" height=\"270\" srcset=\"https:\/\/www.cacauechocolate.com.br\/v1\/wp-content\/uploads\/2026\/04\/IMG_0495.jpeg 765w, https:\/\/www.cacauechocolate.com.br\/v1\/wp-content\/uploads\/2026\/04\/IMG_0495-300x200.jpeg 300w\" sizes=\"(max-width: 405px) 100vw, 405px\" \/><\/p>\n<p dir=\"ltr\">A edi\u00e7\u00e3o de 2026 conta com o apoio institucional do Governo da Bahia, da Prefeitura de Maric\u00e1, Governo do Piau\u00ed e da Prefeitura de Ilh\u00e9us, organismos que t\u00eam vindo a apostar na internacionaliza\u00e7\u00e3o dos seus territ\u00f3rios e produtos, e que marcam presen\u00e7a ativa na programa\u00e7\u00e3o e nas a\u00e7\u00f5es de promo\u00e7\u00e3o do evento.<\/p>\n<p>&nbsp;<\/p>\n<p dir=\"ltr\">SERVI\u00c7O<\/p>\n<p dir=\"ltr\">Quando: 1, 2 e 3 de maio<\/p>\n<p dir=\"ltr\">Onde: Pal\u00e1cio da Bolsa, Portugal. Endere\u00e7o: <a href=\"https:\/\/www.google.com\/maps\/search\/Rua+Ferreira+Borges,+11+-+Porto?entry=gmail&amp;source=g\" target=\"_blank\" rel=\"noopener\" data-saferedirecturl=\"https:\/\/www.google.com\/url?q=https:\/\/www.google.com\/maps\/search\/Rua%2BFerreira%2BBorges,%2B11%2B-%2BPorto?entry%3Dgmail%26source%3Dg&amp;source=gmail&amp;ust=1777376006568000&amp;usg=AOvVaw0I72g7boFvA1Vo3ovSKJHu\">Rua Ferreira Borges, 11 &#8211; Porto<\/a><\/p>\n<p dir=\"ltr\">Hor\u00e1rio:<\/p>\n<p dir=\"ltr\">Dia 1 &#8211; De 14 \u00e0s 20h<\/p>\n<p dir=\"ltr\">Dias 2 e 3 &#8211; De 10 \u00e0s 20h<\/p>\n<p dir=\"ltr\">Entrada: Livre<\/p>\n<p dir=\"ltr\">Saiba mais:<\/p>\n<p dir=\"ltr\"><a href=\"https:\/\/www.instagram.com\/brasilorigemweek\/\" target=\"_blank\" rel=\"noopener\" data-saferedirecturl=\"https:\/\/www.google.com\/url?q=https:\/\/www.instagram.com\/brasilorigemweek\/&amp;source=gmail&amp;ust=1777376006568000&amp;usg=AOvVaw1TnG67lpG57IxVNXSg1df8\">BRASIL ORIGEM WEEK NO INSTAGRAM<\/a><\/p>\n<p dir=\"ltr\"><a href=\"https:\/\/www.facebook.com\/profile.php?id=61559159565373\" target=\"_blank\" rel=\"noopener\" data-saferedirecturl=\"https:\/\/www.google.com\/url?q=https:\/\/www.facebook.com\/profile.php?id%3D61559159565373&amp;source=gmail&amp;ust=1777376006568000&amp;usg=AOvVaw0bx5SWJ7B7zVs1B1bL-C4E\">BRASIL ORIGEM WEEK NO FACEBOOK<\/a><\/p>\n<p>&nbsp;<\/p>\n<p dir=\"ltr\">PROGRAMA\u00c7\u00c3O COMPLETA<\/p>\n<p><img loading=\"lazy\" decoding=\"async\" class=\"aligncenter  wp-image-16890\" src=\"https:\/\/www.cacauechocolate.com.br\/v1\/wp-content\/uploads\/2026\/04\/ORIGEM-DIA01.2-18-de-110.jpg\" alt=\"\" width=\"313\" height=\"298\" srcset=\"https:\/\/www.cacauechocolate.com.br\/v1\/wp-content\/uploads\/2026\/04\/ORIGEM-DIA01.2-18-de-110.jpg 526w, https:\/\/www.cacauechocolate.com.br\/v1\/wp-content\/uploads\/2026\/04\/ORIGEM-DIA01.2-18-de-110-300x286.jpg 300w\" sizes=\"(max-width: 313px) 100vw, 313px\" \/><\/p>\n<p dir=\"ltr\">SEXTA-FEIRA, 1\u00a0 DE MAIO<\/p>\n<p>&nbsp;<\/p>\n<p dir=\"ltr\">Exposi\u00e7\u00e3o de Fotografias &#8211; Daryan Dornelles<\/p>\n<p dir=\"ltr\">Exposi\u00e7\u00e3o Edina Costa<\/p>\n<p dir=\"ltr\">Exposi\u00e7\u00e3o cultural &#8211; Instituto Pernambuco<\/p>\n<p dir=\"ltr\">Feira de Produtos entre 14h e 20h<\/p>\n<p>&nbsp;<\/p>\n<p dir=\"ltr\">14h Abertura do evento com corte de fita e Batucada Radical<\/p>\n<p>&nbsp;<\/p>\n<p dir=\"ltr\">14h30 | Showcooking com chef Cid\u00e1lia Fran\u00e7a<\/p>\n<p dir=\"ltr\">Tema: Tapioca<\/p>\n<p>&nbsp;<\/p>\n<p dir=\"ltr\">15h30 | Palco Maric\u00e1: Concerto Klara Rodrigues<\/p>\n<p dir=\"ltr\">Estilo\/Formato: Voz e Viol\u00e3o \u2013 Bossa Nova<\/p>\n<p>&nbsp;<\/p>\n<p dir=\"ltr\">16h | Showcooking com chef Marcos Monteiro<\/p>\n<p dir=\"ltr\">Tema: Bolo de Rolo<\/p>\n<p>&nbsp;<\/p>\n<p dir=\"ltr\">17h30 | Showcooking com chef Ana Carolina Miranda<\/p>\n<p dir=\"ltr\">Tema: Camar\u00e3o de Bacia sob V\u00e9u de Ab\u00f3bora<\/p>\n<p>&nbsp;<\/p>\n<p dir=\"ltr\">18h | Palco Maric\u00e1 concerto Galdino Gal &#8211; Tributo a Ney Matogrosso<\/p>\n<p dir=\"ltr\">Estilo\/Formato: MPB<\/p>\n<p dir=\"ltr\">Dura\u00e7\u00e3o: 2h<\/p>\n<p>&nbsp;<\/p>\n<p dir=\"ltr\">S\u00c1BADO, 2 DE MAIO<\/p>\n<p>&nbsp;<\/p>\n<p dir=\"ltr\">Exposi\u00e7\u00e3o de Fotografias &#8211; Daryan Dornelles<\/p>\n<p dir=\"ltr\">Exposi\u00e7\u00e3o Edina Costa<\/p>\n<p dir=\"ltr\">Exposi\u00e7\u00e3o cultural &#8211; Instituto Pernambuco<\/p>\n<p dir=\"ltr\">Feira de Produtos entre 10h e 20h<\/p>\n<p>&nbsp;<\/p>\n<p dir=\"ltr\">11h00 | Showcooking com chef Maria Maia<\/p>\n<p dir=\"ltr\">Tema: Queijo Coalho<\/p>\n<p>&nbsp;<\/p>\n<p dir=\"ltr\">14h30 | In\u00edcio de Di\u00e1logos do Porto<\/p>\n<p>&nbsp;<\/p>\n<p dir=\"ltr\">14h30 | Showcooking com chef Anderson Sousa<\/p>\n<p>&nbsp;<\/p>\n<p dir=\"ltr\">15h | Di\u00e1logos do Porto &#8211; As m\u00fasicas que unem Brasil e Portugal: de Carmen Miranda \u00e0 Caetano Veloso; de Carminho \u00e0 Tribalistas<\/p>\n<p dir=\"ltr\">Convidados: Ivan Lima e convidado<\/p>\n<p>&nbsp;<\/p>\n<p dir=\"ltr\">15h30 | Palco Maric\u00e1: concerto de Nino e Viola<\/p>\n<p dir=\"ltr\">Estilo\/Formato: Voz e Viol\u00e3o \u2013 Bossa Nova \/ MPB<\/p>\n<p>&nbsp;<\/p>\n<p dir=\"ltr\">15h45 | Di\u00e1logos do Porto &#8211; Painel Brasil, um destino para visitar e investir<\/p>\n<p dir=\"ltr\">Convidados: Maric\u00e1 + Bahia + Ilh\u00e9us + Piau\u00ed<\/p>\n<p>&nbsp;<\/p>\n<p dir=\"ltr\">16h | Showcooking com chef Caroline Giandalia (Gruta)<\/p>\n<p dir=\"ltr\">Tema: Bolo de Mandioca, Cocada Morena e Queijo Coalho<\/p>\n<p>&nbsp;<\/p>\n<p dir=\"ltr\">16:45 | Di\u00e1logos do Porto &#8211;\u00a0 Painel: O futuro das rela\u00e7\u00f5es Brasil x Portugal<\/p>\n<p dir=\"ltr\">Moderador: Vicente Nunes (Jornal P\u00fablico)<\/p>\n<p dir=\"ltr\">Convidados: [A Definir]<\/p>\n<p>&nbsp;<\/p>\n<p dir=\"ltr\">17:20 | Di\u00e1logos do Porto &#8211;\u00a0 Painel: Acordo Mercosul\/ Uni\u00e3o Europeia<\/p>\n<p dir=\"ltr\">Convidados: Jos\u00e9 Diogo e Marco Lessa<\/p>\n<p>&nbsp;<\/p>\n<p dir=\"ltr\">17h30 | Showcooking com chef Emanuel S\u00e1vio<\/p>\n<p>&nbsp;<\/p>\n<p dir=\"ltr\">20h00 | Desfile de Moda com Jenny Monteiro<\/p>\n<p>&nbsp;<\/p>\n<p dir=\"ltr\">DOMINGO, 3 DE MAIO<\/p>\n<p>&nbsp;<\/p>\n<p dir=\"ltr\">Exposi\u00e7\u00e3o de Fotografias &#8211; Daryan Dornelles<\/p>\n<p dir=\"ltr\">Exposi\u00e7\u00e3o Edina Costa<\/p>\n<p dir=\"ltr\">Exposi\u00e7\u00e3o cultural &#8211; Instituto Pernambuco<\/p>\n<p dir=\"ltr\">Feira de Produtos entre 10h e 20h<\/p>\n<p>&nbsp;<\/p>\n<p dir=\"ltr\">11h | Showcooking com chef Ana Sales<\/p>\n<p dir=\"ltr\">Tema: [A Definir]<\/p>\n<p>&nbsp;<\/p>\n<p dir=\"ltr\">14h30 | Showcooking com chef Carol Brito<\/p>\n<p dir=\"ltr\">Tema: Acaraj\u00e9<\/p>\n<p>&nbsp;<\/p>\n<p dir=\"ltr\">15h30 | Palco Maric\u00e1: concerto com Helga Azevedo<\/p>\n<p dir=\"ltr\">Estilo\/Formato: Quarteto de Bossa Nova \/ MPB<\/p>\n<p>&nbsp;<\/p>\n<p dir=\"ltr\">16h | Showcooking com chef Zana Hora<\/p>\n<p dir=\"ltr\">Tema: Bolinho de Estudante<\/p>\n<p>&nbsp;<\/p>\n<p dir=\"ltr\">17h30 | Showcooking com chef Marcela Costa<\/p>\n<p dir=\"ltr\">Tema: Arroz Paraense<\/p>\n<p>&nbsp;<\/p>\n<p dir=\"ltr\">18h00 | Palco Maric\u00e1: concerto Forr\u00f3 Xyss<\/p>\n<p dir=\"ltr\">Estilo\/Formato: Trio (sanfona, tri\u00e2ngulo e zabumba) \u2013 Forr\u00f3<\/p>\n<p>&nbsp;<\/p>\n<p dir=\"ltr\">Programa\u00e7\u00e3o sujeita a altera\u00e7\u00f5es*<\/p>\n","protected":false},"excerpt":{"rendered":"<p>O Brasil Origem Week Porto acontece nos dias 1, 2 e 3 de maio, no Pal\u00e1cio da Bolsa, com uma programa\u00e7\u00e3o dedicada \u00e0 gastronomia, cultura, turismo e neg\u00f3cios. Ao longo dos tr\u00eas dias, a feira re\u00fane chefs, artistas, empres\u00e1rios e representantes institucionais numa agenda diversificada que inclui showcooking, degusta\u00e7\u00f5es, exposi\u00e7\u00f5es de fotografia, pintura, m\u00fasica ao &hellip;<\/p>\n","protected":false},"author":2,"featured_media":16887,"comment_status":"open","ping_status":"open","sticky":false,"template":"","format":"standard","meta":{"footnotes":"","_links_to":"","_links_to_target":""},"categories":[3,1],"tags":[1930,31,64,65,964],"class_list":["post-16883","post","type-post","status-publish","format-standard","has-post-thumbnail","hentry","category-destaques","category-geral","tag-brasil-origem-week","tag-governo-da-bahia","tag-governo-do-para","tag-marco-lessa","tag-portugal"],"views":24,"_links":{"self":[{"href":"https:\/\/www.cacauechocolate.com.br\/v1\/wp-json\/wp\/v2\/posts\/16883"}],"collection":[{"href":"https:\/\/www.cacauechocolate.com.br\/v1\/wp-json\/wp\/v2\/posts"}],"about":[{"href":"https:\/\/www.cacauechocolate.com.br\/v1\/wp-json\/wp\/v2\/types\/post"}],"author":[{"embeddable":true,"href":"https:\/\/www.cacauechocolate.com.br\/v1\/wp-json\/wp\/v2\/users\/2"}],"replies":[{"embeddable":true,"href":"https:\/\/www.cacauechocolate.com.br\/v1\/wp-json\/wp\/v2\/comments?post=16883"}],"version-history":[{"count":3,"href":"https:\/\/www.cacauechocolate.com.br\/v1\/wp-json\/wp\/v2\/posts\/16883\/revisions"}],"predecessor-version":[{"id":16892,"href":"https:\/\/www.cacauechocolate.com.br\/v1\/wp-json\/wp\/v2\/posts\/16883\/revisions\/16892"}],"wp:featuredmedia":[{"embeddable":true,"href":"https:\/\/www.cacauechocolate.com.br\/v1\/wp-json\/wp\/v2\/media\/16887"}],"wp:attachment":[{"href":"https:\/\/www.cacauechocolate.com.br\/v1\/wp-json\/wp\/v2\/media?parent=16883"}],"wp:term":[{"taxonomy":"category","embeddable":true,"href":"https:\/\/www.cacauechocolate.com.br\/v1\/wp-json\/wp\/v2\/categories?post=16883"},{"taxonomy":"post_tag","embeddable":true,"href":"https:\/\/www.cacauechocolate.com.br\/v1\/wp-json\/wp\/v2\/tags?post=16883"}],"curies":[{"name":"wp","href":"https:\/\/api.w.org\/{rel}","templated":true}]}}