{"id":16893,"date":"2026-04-29T08:30:39","date_gmt":"2026-04-29T11:30:39","guid":{"rendered":"https:\/\/www.cacauechocolate.com.br\/v1\/?p=16893"},"modified":"2026-04-28T11:13:38","modified_gmt":"2026-04-28T14:13:38","slug":"por-do-samba-leva-musica-e-gastronomia-ao-espaco-dengo-origem","status":"publish","type":"post","link":"https:\/\/www.cacauechocolate.com.br\/v1\/2026\/04\/29\/por-do-samba-leva-musica-e-gastronomia-ao-espaco-dengo-origem\/","title":{"rendered":"P\u00f4r do Samba leva m\u00fasica e gastronomia ao Espa\u00e7o Dengo Origem"},"content":{"rendered":"<p dir=\"ltr\">O Espa\u00e7o Dengo Origem, em Ilh\u00e9us, recebe no dia 2 de maio o P\u00f4r do Samba, evento aberto ao p\u00fablico que re\u00fane m\u00fasica ao vivo, gastronomia, bem-estar e paisagem natural em uma programa\u00e7\u00e3o ao ar livre. A festa come\u00e7a \u00e0s 11h e segue at\u00e9 o p\u00f4r do sol.<\/p>\n<p dir=\"ltr\">A principal atra\u00e7\u00e3o \u00e9 o cantor e multi-instrumentista Zalela, refer\u00eancia do samba regional, com repert\u00f3rio que percorre cl\u00e1ssicos e composi\u00e7\u00f5es autorais. O line-up conta ainda com apresenta\u00e7\u00e3o do DJ F Rock, que complementa a trilha sonora do evento.<\/p>\n<figure id=\"attachment_16894\" aria-describedby=\"caption-attachment-16894\" style=\"width: 264px\" class=\"wp-caption aligncenter\"><img loading=\"lazy\" decoding=\"async\" class=\" wp-image-16894\" src=\"https:\/\/www.cacauechocolate.com.br\/v1\/wp-content\/uploads\/2026\/04\/Zalela_FOTO-Divulgacao.jpg\" alt=\"\" width=\"264\" height=\"396\" srcset=\"https:\/\/www.cacauechocolate.com.br\/v1\/wp-content\/uploads\/2026\/04\/Zalela_FOTO-Divulgacao.jpg 443w, https:\/\/www.cacauechocolate.com.br\/v1\/wp-content\/uploads\/2026\/04\/Zalela_FOTO-Divulgacao-200x300.jpg 200w\" sizes=\"(max-width: 264px) 100vw, 264px\" \/><figcaption id=\"caption-attachment-16894\" class=\"wp-caption-text\">Zalela_FOTO Divulga\u00e7\u00e3o<\/figcaption><\/figure>\n<p dir=\"ltr\">A experi\u00eancia contar\u00e1 com spa Natura para massagens r\u00e1pidas, tour pela cabruca, oficina de caipirinha e buffet de feijoada \u00e0 parte, reunindo m\u00fasica, gastronomia e natureza em um s\u00f3 ambiente. \u201cEsta edi\u00e7\u00e3o ganha um diferencial com a presen\u00e7a de expositores parceiros, como a Rede Povos da Mata, que traz produtos org\u00e2nicos para o p\u00fablico conhecer\u201d, destaca a chef D\u00e9ia Lopes, \u00e0 frente do restaurante Toca Cabruca.<\/p>\n<p dir=\"ltr\">O Espa\u00e7o Dengo Origem \u00e9 um espa\u00e7o de experi\u00eancia localizado no distrito do Rio do Bra\u00e7o, em Ilh\u00e9us, que integra turismo, cultura e a cadeia produtiva do cacau. Inserido em \u00e1rea de cabruca \u2014 sistema agroflorestal t\u00edpico da regi\u00e3o \u2014, o local prop\u00f5e uma imers\u00e3o que conecta natureza, produ\u00e7\u00e3o e conhecimento, com atividades que apresentam do cultivo do cacau \u00e0 produ\u00e7\u00e3o do chocolate.<\/p>\n<figure id=\"attachment_16895\" aria-describedby=\"caption-attachment-16895\" style=\"width: 278px\" class=\"wp-caption aligncenter\"><img loading=\"lazy\" decoding=\"async\" class=\" wp-image-16895\" src=\"https:\/\/www.cacauechocolate.com.br\/v1\/wp-content\/uploads\/2026\/04\/DJ-F-Rock_FOTO-Vini-Braga.jpg\" alt=\"\" width=\"278\" height=\"371\" srcset=\"https:\/\/www.cacauechocolate.com.br\/v1\/wp-content\/uploads\/2026\/04\/DJ-F-Rock_FOTO-Vini-Braga.jpg 396w, https:\/\/www.cacauechocolate.com.br\/v1\/wp-content\/uploads\/2026\/04\/DJ-F-Rock_FOTO-Vini-Braga-225x300.jpg 225w\" sizes=\"(max-width: 278px) 100vw, 278px\" \/><figcaption id=\"caption-attachment-16895\" class=\"wp-caption-text\">DJ F Rock (Foto Vini Braga)<\/figcaption><\/figure>\n<p dir=\"ltr\">Servi\u00e7o<\/p>\n<p dir=\"ltr\">P\u00f4r do Samba<\/p>\n<p dir=\"ltr\">Data:\u00a02 de maio (s\u00e1bado)<\/p>\n<p dir=\"ltr\">Hor\u00e1rio:\u00a0a partir das 11h, at\u00e9 o p\u00f4r do sol<\/p>\n<p dir=\"ltr\">Local: Espa\u00e7o Dengo Origem \u2013 Ilh\u00e9us (BA)<\/p>\n<p dir=\"ltr\">Entrada:\u00a0aberta ao p\u00fablico<\/p>\n<p dir=\"ltr\">Atra\u00e7\u00f5es: Zalela e DJ F Rock<\/p>\n<p dir=\"ltr\"><i>Buffet de feijoada\u00a0 tour pela cabruca e outros servi\u00e7os t\u00eam reserva \u00e0 parte pelo WhatsApp (73) 99846-8882<\/i><\/p>\n","protected":false},"excerpt":{"rendered":"<p>O Espa\u00e7o Dengo Origem, em Ilh\u00e9us, recebe no dia 2 de maio o P\u00f4r do Samba, evento aberto ao p\u00fablico que re\u00fane m\u00fasica ao vivo, gastronomia, bem-estar e paisagem natural em uma programa\u00e7\u00e3o ao ar livre. A festa come\u00e7a \u00e0s 11h e segue at\u00e9 o p\u00f4r do sol. A principal atra\u00e7\u00e3o \u00e9 o cantor e &hellip;<\/p>\n","protected":false},"author":2,"featured_media":4425,"comment_status":"open","ping_status":"open","sticky":false,"template":"","format":"standard","meta":{"footnotes":"","_links_to":"","_links_to_target":""},"categories":[1],"tags":[3745,3907],"class_list":["post-16893","post","type-post","status-publish","format-standard","has-post-thumbnail","hentry","category-geral","tag-espaco-dengo-origem","tag-por-do-samba"],"views":22,"_links":{"self":[{"href":"https:\/\/www.cacauechocolate.com.br\/v1\/wp-json\/wp\/v2\/posts\/16893"}],"collection":[{"href":"https:\/\/www.cacauechocolate.com.br\/v1\/wp-json\/wp\/v2\/posts"}],"about":[{"href":"https:\/\/www.cacauechocolate.com.br\/v1\/wp-json\/wp\/v2\/types\/post"}],"author":[{"embeddable":true,"href":"https:\/\/www.cacauechocolate.com.br\/v1\/wp-json\/wp\/v2\/users\/2"}],"replies":[{"embeddable":true,"href":"https:\/\/www.cacauechocolate.com.br\/v1\/wp-json\/wp\/v2\/comments?post=16893"}],"version-history":[{"count":1,"href":"https:\/\/www.cacauechocolate.com.br\/v1\/wp-json\/wp\/v2\/posts\/16893\/revisions"}],"predecessor-version":[{"id":16896,"href":"https:\/\/www.cacauechocolate.com.br\/v1\/wp-json\/wp\/v2\/posts\/16893\/revisions\/16896"}],"wp:featuredmedia":[{"embeddable":true,"href":"https:\/\/www.cacauechocolate.com.br\/v1\/wp-json\/wp\/v2\/media\/4425"}],"wp:attachment":[{"href":"https:\/\/www.cacauechocolate.com.br\/v1\/wp-json\/wp\/v2\/media?parent=16893"}],"wp:term":[{"taxonomy":"category","embeddable":true,"href":"https:\/\/www.cacauechocolate.com.br\/v1\/wp-json\/wp\/v2\/categories?post=16893"},{"taxonomy":"post_tag","embeddable":true,"href":"https:\/\/www.cacauechocolate.com.br\/v1\/wp-json\/wp\/v2\/tags?post=16893"}],"curies":[{"name":"wp","href":"https:\/\/api.w.org\/{rel}","templated":true}]}}