{"id":16920,"date":"2026-04-29T07:00:00","date_gmt":"2026-04-29T10:00:00","guid":{"rendered":"https:\/\/www.cacauechocolate.com.br\/v1\/?p=16920"},"modified":"2026-04-28T15:24:18","modified_gmt":"2026-04-28T18:24:18","slug":"rota-dos-cafes-especiais-do-planalto-da-conquista-recebe-famtour-para-impulsionar-comercializacao-do-roteiro-turistico","status":"publish","type":"post","link":"https:\/\/www.cacauechocolate.com.br\/v1\/2026\/04\/29\/rota-dos-cafes-especiais-do-planalto-da-conquista-recebe-famtour-para-impulsionar-comercializacao-do-roteiro-turistico\/","title":{"rendered":"Rota dos Caf\u00e9s Especiais do Planalto da Conquista recebe famtour para impulsionar comercializa\u00e7\u00e3o do roteiro tur\u00edstico"},"content":{"rendered":"<div>\u201cA Rota dos Caf\u00e9s Especiais do Planalto da Conquista fortalece ainda mais o turismo regional. Estou surpreso e encantado com as experi\u00eancias e a qualidade dos equipamentos\u201d. O depoimento do agente de viagens Eurivaldo Gomes foi dado durante famtour em Barra do Cho\u00e7a, na zona tur\u00edstica Caminhos do Sudoeste, onde est\u00e1 localizado o roteiro da cultura cafeeira. Um grupo de 23 agentes e guias de turismo de Salvador fez a viagem de familiariza\u00e7\u00e3o pela regi\u00e3o, entre os dias 23 e 26 de abril. A a\u00e7\u00e3o foi promovida pela Secretaria de Turismo do Estado (Setur-BA), em parceria com a Prefeitura Municipal, dentro da estrat\u00e9gia da oferta de novos produtos e experi\u00eancias, para o fortalecimento da comercializa\u00e7\u00e3o do destino.<\/div>\n<div><\/div>\n<div>O grupo partiu de \u00f4nibus da capital e acessou as BRs 324 e 116 e BA 265, percorrendo 507 quil\u00f4metros at\u00e9 Barra do Cho\u00e7a. Na chegada, almo\u00e7o na Comunidade Terap\u00eautica Fazenda Vida e Esperan\u00e7a (Cotefave), um espa\u00e7o de transforma\u00e7\u00e3o social, f\u00e9 e acolhimento, onde houve a degusta\u00e7\u00e3o do tradicional \u201ccaf\u00e9 do padre\u201d.<\/div>\n<div><\/div>\n<div>Durante a viagem, os profissionais estiveram nas fazendas<b>\u00a0<\/b>Est\u00e2ncia da Barra, Ouro Verde, Reserva do Vale, Vidigal, Caf\u00e9 das Meninas, Eufr\u00e1sio e Colheita das Alegrias, que integram a Rota dos Caf\u00e9s Especiais do Planalto da Conquista. O roteiro de 54 quil\u00f4metros \u00e9 formado por um total de 22 propriedades, em Barra do Cho\u00e7a e Vit\u00f3ria da Conquista, que oferecem experi\u00eancias imersivas na hist\u00f3ria e cultura cafeeira, do plantio ao aproveitamento na gastronomia.<\/div>\n<div><\/div>\n<div>\u201cEu j\u00e1 conhecia o polo tur\u00edstico de Vit\u00f3ria da Conquista, mas esta \u00e9 a minha primeira vez em Barra do Cho\u00e7a, e me encanta descobrir que a regi\u00e3o oferece tantos atrativos ao turista. O clima aqui \u00e9 maravilhoso e proporciona experi\u00eancias \u00fanicas, como o contato com a natureza, a viv\u00eancia nas fazendas e degusta\u00e7\u00e3o de caf\u00e9s especiais. N\u00e3o precisamos sair do estado para viver experi\u00eancias completas e de alta qualidade\u201d, relatou a agente de viagens Maremilda Silva.<\/div>\n<div><b>\u00a0<\/b><\/div>\n<div>Al\u00e9m dos cafezais, o roteiro tamb\u00e9m valoriza produtos artesanais e a viv\u00eancia rural. Um dos destaques \u00e9 a f\u00e1brica de mel Apis Jordans, fundada em 1995. A marca est\u00e1 presente na Bahia, S\u00e3o Paulo, Rio de Janeiro, Pernambuco, Distrito Federal, Goi\u00e1s, Minas Gerais, Sergipe, Tocantins e Mato Grosso.\u00a0Outros atrativos s\u00e3o a Fazendinha da Felicidade, que abriga esp\u00e9cies raras e proporciona o contato direto com a vida no campo; e o Dina\u2019s Ranch, espa\u00e7o de descanso em meio \u00e0 natureza, com estrutura para eventos.<\/div>\n<div><\/div>\n<div>\u201cA regi\u00e3o possui voca\u00e7\u00e3o para o turismo, com belezas naturais e produtos diferenciados. Os empres\u00e1rios v\u00eam investindo de forma significativa nesse roteiro, onde o caf\u00e9 \u00e9 o carro-chefe, mas outros atrativos come\u00e7am a se destacar. Estar a 30 quil\u00f4metros do Aeroporto de Vit\u00f3ria da Conquista \u00e9 outro diferencial\u201d, pontuou o diretor de Regula\u00e7\u00e3o da Setur-BA, Divaldo Borges.<\/div>\n<div><\/div>\n<div>\u201cNessa parceria com o Governo do Estado, al\u00e9m de receber no munic\u00edpio quem vende destinos, estamos investindo na capacita\u00e7\u00e3o de m\u00e3o de obra, qualifica\u00e7\u00e3o dos equipamentos tur\u00edsticos e melhorias em hotelaria e mobilidade, para acolher bem os visitantes\u201d, ressaltou o prefeito de Barra do Cho\u00e7a, Oberdan Rocha.<\/div>\n<div><\/div>\n<div>Foto Divulga\u00e7\u00e3o Setur BA<\/div>\n","protected":false},"excerpt":{"rendered":"<p>\u201cA Rota dos Caf\u00e9s Especiais do Planalto da Conquista fortalece ainda mais o turismo regional. Estou surpreso e encantado com as experi\u00eancias e a qualidade dos equipamentos\u201d. O depoimento do agente de viagens Eurivaldo Gomes foi dado durante famtour em Barra do Cho\u00e7a, na zona tur\u00edstica Caminhos do Sudoeste, onde est\u00e1 localizado o roteiro da &hellip;<\/p>\n","protected":false},"author":2,"featured_media":16921,"comment_status":"open","ping_status":"open","sticky":false,"template":"","format":"standard","meta":{"footnotes":"","_links_to":"","_links_to_target":""},"categories":[1],"tags":[11,3917,877],"class_list":["post-16920","post","type-post","status-publish","format-standard","has-post-thumbnail","hentry","category-geral","tag-bahia","tag-rota-dos-cafes-especiais-do-planalto-da-conquista","tag-secretaria-de-turismo"],"views":21,"_links":{"self":[{"href":"https:\/\/www.cacauechocolate.com.br\/v1\/wp-json\/wp\/v2\/posts\/16920"}],"collection":[{"href":"https:\/\/www.cacauechocolate.com.br\/v1\/wp-json\/wp\/v2\/posts"}],"about":[{"href":"https:\/\/www.cacauechocolate.com.br\/v1\/wp-json\/wp\/v2\/types\/post"}],"author":[{"embeddable":true,"href":"https:\/\/www.cacauechocolate.com.br\/v1\/wp-json\/wp\/v2\/users\/2"}],"replies":[{"embeddable":true,"href":"https:\/\/www.cacauechocolate.com.br\/v1\/wp-json\/wp\/v2\/comments?post=16920"}],"version-history":[{"count":1,"href":"https:\/\/www.cacauechocolate.com.br\/v1\/wp-json\/wp\/v2\/posts\/16920\/revisions"}],"predecessor-version":[{"id":16922,"href":"https:\/\/www.cacauechocolate.com.br\/v1\/wp-json\/wp\/v2\/posts\/16920\/revisions\/16922"}],"wp:featuredmedia":[{"embeddable":true,"href":"https:\/\/www.cacauechocolate.com.br\/v1\/wp-json\/wp\/v2\/media\/16921"}],"wp:attachment":[{"href":"https:\/\/www.cacauechocolate.com.br\/v1\/wp-json\/wp\/v2\/media?parent=16920"}],"wp:term":[{"taxonomy":"category","embeddable":true,"href":"https:\/\/www.cacauechocolate.com.br\/v1\/wp-json\/wp\/v2\/categories?post=16920"},{"taxonomy":"post_tag","embeddable":true,"href":"https:\/\/www.cacauechocolate.com.br\/v1\/wp-json\/wp\/v2\/tags?post=16920"}],"curies":[{"name":"wp","href":"https:\/\/api.w.org\/{rel}","templated":true}]}}