{"id":16977,"date":"2026-05-01T09:05:21","date_gmt":"2026-05-01T12:05:21","guid":{"rendered":"https:\/\/www.cacauechocolate.com.br\/v1\/?p=16977"},"modified":"2026-04-30T16:11:20","modified_gmt":"2026-04-30T19:11:20","slug":"araras-vermelhas-voltam-a-mata-atlantica-no-sul-da-bahia","status":"publish","type":"post","link":"https:\/\/www.cacauechocolate.com.br\/v1\/2026\/05\/01\/araras-vermelhas-voltam-a-mata-atlantica-no-sul-da-bahia\/","title":{"rendered":"Araras-vermelhas voltam \u00e0 Mata Atl\u00e2ntica no sul da Bahia"},"content":{"rendered":"<p>Um projeto ambiental marcou a reintrodu\u00e7\u00e3o de 35 araras-vermelhas-grandes (Ara chloropterus) na Mata Atl\u00e2ntica do sul da Bahia, ap\u00f3s a esp\u00e9cie ter sido considerada extinta na regi\u00e3o entre os s\u00e9culos XIX e XX.\u00a0A a\u00e7\u00e3o \u00e9 coordenada pelo Instituto Brasileiro do Meio Ambiente e dos Recursos Naturais Renov\u00e1veis (Ibama), com apoio do Centro de Triagem de Animais Silvestres (Cetas) de Porto Seguro. As aves foram soltas na Esta\u00e7\u00e3o Ecol\u00f3gica do Pau-Brasil, \u00e1rea de preserva\u00e7\u00e3o ambiental no extremo sul do estado.<\/p>\n<p>Como n\u00e3o h\u00e1 mais popula\u00e7\u00f5es selvagens da esp\u00e9cie na regi\u00e3o, os animais utilizados no projeto vieram de cativeiros, sendo, em sua maioria, resgatados em opera\u00e7\u00f5es contra o tr\u00e1fico de animais silvestres em diferentes partes do pa\u00eds.<\/p>\n<p>Antes da soltura, as araras passaram por um processo de reabilita\u00e7\u00e3o que incluiu quarentena, adapta\u00e7\u00e3o ao ambiente natural e fortalecimento da musculatura para voo. As aves tamb\u00e9m foram treinadas para reconhecer predadores e incentivadas \u00e0 forma\u00e7\u00e3o de casais.<\/p>\n<p>A reintrodu\u00e7\u00e3o foi realizada por meio da t\u00e9cnica conhecida como \u201csoltura branda\u201d, que permite uma adapta\u00e7\u00e3o gradual \u00e0 natureza. Nesse modelo, os animais t\u00eam acesso livre ao ambiente externo, mas ainda contam com suporte alimentar tempor\u00e1rio, facilitando a transi\u00e7\u00e3o.<\/p>\n<p>As aves foram identificadas individualmente para possibilitar o monitoramento ap\u00f3s a soltura. O acompanhamento inclui observa\u00e7\u00e3o de comportamento, alimenta\u00e7\u00e3o e adapta\u00e7\u00e3o ao habitat, al\u00e9m da utiliza\u00e7\u00e3o de caixas-ninho instaladas na \u00e1rea.<\/p>\n<p>A presen\u00e7a da arara-vermelha na regi\u00e3o tem registros hist\u00f3ricos desde o per\u00edodo do descobrimento do Brasil, sendo mencionada em relatos como a carta de Pero Vaz de Caminha. A reintrodu\u00e7\u00e3o da esp\u00e9cie representa um avan\u00e7o na recupera\u00e7\u00e3o da biodiversidade local e na preserva\u00e7\u00e3o de esp\u00e9cies amea\u00e7adas.<\/p>\n<p>&nbsp;<\/p>\n<p>(Fonte: Ilh\u00e9us Eventos, com foto Divulga\u00e7\u00e3o)<\/p>\n","protected":false},"excerpt":{"rendered":"<p>Um projeto ambiental marcou a reintrodu\u00e7\u00e3o de 35 araras-vermelhas-grandes (Ara chloropterus) na Mata Atl\u00e2ntica do sul da Bahia, ap\u00f3s a esp\u00e9cie ter sido considerada extinta na regi\u00e3o entre os s\u00e9culos XIX e XX.\u00a0A a\u00e7\u00e3o \u00e9 coordenada pelo Instituto Brasileiro do Meio Ambiente e dos Recursos Naturais Renov\u00e1veis (Ibama), com apoio do Centro de Triagem de &hellip;<\/p>\n","protected":false},"author":2,"featured_media":16978,"comment_status":"open","ping_status":"open","sticky":false,"template":"","format":"standard","meta":{"footnotes":"","_links_to":"","_links_to_target":""},"categories":[1],"tags":[3929,3931,3930,168,2164,6],"class_list":["post-16977","post","type-post","status-publish","format-standard","has-post-thumbnail","hentry","category-geral","tag-araras-vermelhas","tag-centro-de-triagem-de-animais-silvestres-cetas","tag-instituto-brasileiro-do-meio-ambiente-e-dos-recursos-naturais-renovaveis-ibama","tag-mata-atlantica","tag-porto-seguro","tag-sul-da-bahia"],"views":15,"_links":{"self":[{"href":"https:\/\/www.cacauechocolate.com.br\/v1\/wp-json\/wp\/v2\/posts\/16977"}],"collection":[{"href":"https:\/\/www.cacauechocolate.com.br\/v1\/wp-json\/wp\/v2\/posts"}],"about":[{"href":"https:\/\/www.cacauechocolate.com.br\/v1\/wp-json\/wp\/v2\/types\/post"}],"author":[{"embeddable":true,"href":"https:\/\/www.cacauechocolate.com.br\/v1\/wp-json\/wp\/v2\/users\/2"}],"replies":[{"embeddable":true,"href":"https:\/\/www.cacauechocolate.com.br\/v1\/wp-json\/wp\/v2\/comments?post=16977"}],"version-history":[{"count":1,"href":"https:\/\/www.cacauechocolate.com.br\/v1\/wp-json\/wp\/v2\/posts\/16977\/revisions"}],"predecessor-version":[{"id":16979,"href":"https:\/\/www.cacauechocolate.com.br\/v1\/wp-json\/wp\/v2\/posts\/16977\/revisions\/16979"}],"wp:featuredmedia":[{"embeddable":true,"href":"https:\/\/www.cacauechocolate.com.br\/v1\/wp-json\/wp\/v2\/media\/16978"}],"wp:attachment":[{"href":"https:\/\/www.cacauechocolate.com.br\/v1\/wp-json\/wp\/v2\/media?parent=16977"}],"wp:term":[{"taxonomy":"category","embeddable":true,"href":"https:\/\/www.cacauechocolate.com.br\/v1\/wp-json\/wp\/v2\/categories?post=16977"},{"taxonomy":"post_tag","embeddable":true,"href":"https:\/\/www.cacauechocolate.com.br\/v1\/wp-json\/wp\/v2\/tags?post=16977"}],"curies":[{"name":"wp","href":"https:\/\/api.w.org\/{rel}","templated":true}]}}