{"id":19412,"date":"2026-09-01T10:16:21","date_gmt":"2026-09-01T13:16:21","guid":{"rendered":"https:\/\/www.cacauechocolate.com.br\/v1\/?p=19412"},"modified":"2026-08-31T11:15:01","modified_gmt":"2026-08-31T14:15:01","slug":"via-litterarum-realiza-oficinas-de-leitura-das-obras-de-waldeny-andrade","status":"publish","type":"post","link":"https:\/\/www.cacauechocolate.com.br\/v1\/2026\/09\/01\/via-litterarum-realiza-oficinas-de-leitura-das-obras-de-waldeny-andrade\/","title":{"rendered":"Via Litterarum realiza Oficinas de Leitura das obras de Waldeny Andrade"},"content":{"rendered":"<p>A Editora Via Litterarum iniciou as Oficinas de Escrita das obras do escritor Waldeny Andrade, selecionadas atrav\u00e9s Edital PNAB Bahia n\u00ba 10\/2025 da Secretaria de Cultura da Bahia, por autores regionais, acontecem no Complexo Integrado de Educa\u00e7\u00e3o B\u00e1sica, Profissional e Tecnol\u00f3gica de Itabuna- \u00a0CIEBETEC \u00a0e Col\u00e9gio rge Amado, em Itabuna.<\/p>\n<p><img loading=\"lazy\" decoding=\"async\" class=\"aligncenter wp-image-3311\" src=\"https:\/\/www.blogdothame.com.br\/v2\/wp-content\/uploads\/2026\/08\/ciebtec-3.jpg\" alt=\"\" width=\"337\" height=\"253\" \/><\/p>\n<p>Al\u00e9m das oficinas propriamente ditas,\u00a0 tamb\u00e9m far\u00e3o parte da Comiss\u00e3o de Avalia\u00e7\u00e3o no col\u00e9gio dos trabalhos elaborados pelos alunos das classes a partir da obra trabalhada.<\/p>\n<p><img loading=\"lazy\" decoding=\"async\" class=\"aligncenter wp-image-3310\" src=\"https:\/\/www.blogdothame.com.br\/v2\/wp-content\/uploads\/2026\/08\/ciebtec-10.jpg\" alt=\"\" width=\"258\" height=\"343\" \/><\/p>\n<p>&nbsp;<\/p>\n<p>INSTRUTORES DAS OFICINAS DE ESCRITA CIEBETEC<\/p>\n<p>Rafael Gama Moreira<\/p>\n<p>Carmen Silva Camuso<\/p>\n<p>Silvia Olivia Smith Lima de Azevedo<\/p>\n<p>Mariana Carvalho Gomes<\/p>\n<p><img loading=\"lazy\" decoding=\"async\" class=\"aligncenter wp-image-3312\" src=\"https:\/\/www.blogdothame.com.br\/v2\/wp-content\/uploads\/2026\/08\/ciebtec-1.jpg\" alt=\"\" width=\"246\" height=\"328\" \/><\/p>\n<p>Rafael Gama \u00e9 autor dos livros de poesia:<\/p>\n<ul>\n<li>Contemplativo<\/li>\n<li>C\u00e2nticos de Insurg\u00eancia e Devo\u00e7\u00e3o<\/li>\n<li>Abi\u00e3<\/li>\n<li>Geografias do Desejo<\/li>\n<li>Al\u00e9m da organiza\u00e7\u00e3o das tr\u00eas edi\u00e7\u00f5es da Antologia Alvorecer<\/li>\n<\/ul>\n<p><img loading=\"lazy\" decoding=\"async\" class=\"aligncenter wp-image-3313\" src=\"https:\/\/www.blogdothame.com.br\/v2\/wp-content\/uploads\/2026\/08\/ciebtec-6.jpg\" alt=\"\" width=\"251\" height=\"334\" \/><\/p>\n<p>Carmen Camuso \u00e9 autora dos livros de poesia:<\/p>\n<ul>\n<li>Manto Mulher<\/li>\n<li>iVersos (em processo de publica\u00e7\u00e3o)<\/li>\n<li>Tamb\u00e9m \u00e9 organizadora das duas edi\u00e7\u00f5es da Antologia P\u00e9talas &amp; L\u00e2minas, sendo a segunda em processo de publica\u00e7\u00e3o.<\/li>\n<\/ul>\n<p><img loading=\"lazy\" decoding=\"async\" class=\"aligncenter wp-image-3314\" src=\"https:\/\/www.blogdothame.com.br\/v2\/wp-content\/uploads\/2026\/08\/ciebtec-4.jpg\" alt=\"\" width=\"203\" height=\"361\" \/><\/p>\n<p>INSTRUTORES DAS OFICINAS DE ESCRITA JORGE AMADO<\/p>\n<p>Luciana Oliveira do Nascimento<\/p>\n<p>Gabriel Xavier dos Santos Silva<\/p>\n<p>Leila Christina de Oliveira<\/p>\n<p>Naiara Trist\u00e3o Gramacho<\/p>\n<p>&nbsp;<\/p>\n<p>Leila Oliveira \u00e9 autora dos livros:<\/p>\n<ul>\n<li>O Trenzinho<\/li>\n<li>Asas<\/li>\n<li>Al\u00e9m dos C\u00f4modos<\/li>\n<\/ul>\n<p><img loading=\"lazy\" decoding=\"async\" class=\"aligncenter wp-image-3315\" src=\"https:\/\/www.blogdothame.com.br\/v2\/wp-content\/uploads\/2026\/08\/ciebtec-5.jpg\" alt=\"\" width=\"338\" height=\"254\" \/><\/p>\n<p>Gabriel Xavier \u00e9 autora dos livros:<\/p>\n<ul>\n<li>A Paleta do Ocaso<\/li>\n<li>Vasto P\u00e2ntano das Doces L\u00e1grimas<\/li>\n<\/ul>\n<p>&nbsp;<\/p>\n<p>Luh Oliveira \u00e9 autora dos livros:<\/p>\n<ul>\n<li>Luh Oliveira, presidente da Academia de Letras de Ilh\u00e9us, e membro da AEILIJ \u2013 Associa\u00e7\u00e3o de escritores e ilustradores de literatura infantil e juvenil, da ABRALIN \u2013 Associa\u00e7\u00e3o Brasileira de Lingu\u00edstica e de diversos coletivos liter\u00e1rios. Idealizadora da Vixi Bahia Liter\u00e1ria e do FILIN, \u00e9 autora de 19 livros publicados. Entre esses, Partiu Ilh\u00e9us.<\/li>\n<\/ul>\n<p><img loading=\"lazy\" decoding=\"async\" class=\"aligncenter wp-image-3316\" src=\"https:\/\/www.blogdothame.com.br\/v2\/wp-content\/uploads\/2026\/08\/ciebtec-7.jpg\" alt=\"\" width=\"348\" height=\"261\" \/><\/p>\n<p>Nayara Gramacho \u00e9 autora dos livros:<\/p>\n<ul>\n<li>A Saudade do Sol e da Lua<\/li>\n<li>Um Corpo de Palavras<\/li>\n<\/ul>\n<p>&nbsp;<\/p>\n<p>Al\u00e9m das oficinas propriamente ditas,\u00a0 tamb\u00e9m far\u00e3o parte da Comiss\u00e3o de Avalia\u00e7\u00e3o no col\u00e9gio dos trabalhos elaborados pelos alunos das classes a partir da obra trabalhada.<\/p>\n<p><img loading=\"lazy\" decoding=\"async\" class=\"aligncenter wp-image-3317\" src=\"https:\/\/www.blogdothame.com.br\/v2\/wp-content\/uploads\/2026\/08\/ciebtec-2.jpg\" alt=\"\" width=\"224\" height=\"298\" \/><\/p>\n<p>Este projeto foi contemplado nos editais da Pol\u00edtica Nacional Aldir Blanc de Fomento \u00e0 Cultura na Bahia, realizados com recursos do Governo Federal, repassados pelo Minist\u00e9rio da Cultura, e executados pelo Governo do Estado da Bahia, por meio da Secretaria de Cultura do Estado.<\/p>\n","protected":false},"excerpt":{"rendered":"<p>A Editora Via Litterarum iniciou as Oficinas de Escrita das obras do escritor Waldeny Andrade, selecionadas atrav\u00e9s Edital PNAB Bahia n\u00ba 10\/2025 da Secretaria de Cultura da Bahia, por autores regionais, acontecem no Complexo Integrado de Educa\u00e7\u00e3o B\u00e1sica, Profissional e Tecnol\u00f3gica de Itabuna- \u00a0CIEBETEC \u00a0e Col\u00e9gio rge Amado, em Itabuna. Al\u00e9m das oficinas propriamente ditas,\u00a0 &hellip;<\/p>\n","protected":false},"author":2,"featured_media":19413,"comment_status":"open","ping_status":"open","sticky":false,"template":"","format":"standard","meta":{"footnotes":"","_links_to":"","_links_to_target":""},"categories":[1],"tags":[4446,4447,2020],"class_list":["post-19412","post","type-post","status-publish","format-standard","has-post-thumbnail","hentry","category-geral","tag-oficinas-de-leitura-das-obras-de-waldeny-andrade","tag-pnab","tag-via-litterarum"],"views":18,"_links":{"self":[{"href":"https:\/\/www.cacauechocolate.com.br\/v1\/wp-json\/wp\/v2\/posts\/19412"}],"collection":[{"href":"https:\/\/www.cacauechocolate.com.br\/v1\/wp-json\/wp\/v2\/posts"}],"about":[{"href":"https:\/\/www.cacauechocolate.com.br\/v1\/wp-json\/wp\/v2\/types\/post"}],"author":[{"embeddable":true,"href":"https:\/\/www.cacauechocolate.com.br\/v1\/wp-json\/wp\/v2\/users\/2"}],"replies":[{"embeddable":true,"href":"https:\/\/www.cacauechocolate.com.br\/v1\/wp-json\/wp\/v2\/comments?post=19412"}],"version-history":[{"count":3,"href":"https:\/\/www.cacauechocolate.com.br\/v1\/wp-json\/wp\/v2\/posts\/19412\/revisions"}],"predecessor-version":[{"id":19416,"href":"https:\/\/www.cacauechocolate.com.br\/v1\/wp-json\/wp\/v2\/posts\/19412\/revisions\/19416"}],"wp:featuredmedia":[{"embeddable":true,"href":"https:\/\/www.cacauechocolate.com.br\/v1\/wp-json\/wp\/v2\/media\/19413"}],"wp:attachment":[{"href":"https:\/\/www.cacauechocolate.com.br\/v1\/wp-json\/wp\/v2\/media?parent=19412"}],"wp:term":[{"taxonomy":"category","embeddable":true,"href":"https:\/\/www.cacauechocolate.com.br\/v1\/wp-json\/wp\/v2\/categories?post=19412"},{"taxonomy":"post_tag","embeddable":true,"href":"https:\/\/www.cacauechocolate.com.br\/v1\/wp-json\/wp\/v2\/tags?post=19412"}],"curies":[{"name":"wp","href":"https:\/\/api.w.org\/{rel}","templated":true}]}}