{"id":19426,"date":"2026-09-01T07:13:11","date_gmt":"2026-09-01T10:13:11","guid":{"rendered":"https:\/\/www.cacauechocolate.com.br\/v1\/?p=19426"},"modified":"2026-08-31T15:16:36","modified_gmt":"2026-08-31T18:16:36","slug":"equipamentos-agricolas-sao-destinados-a-associacoes-de-agricultores-familiares-de-camaca","status":"publish","type":"post","link":"https:\/\/www.cacauechocolate.com.br\/v1\/2026\/09\/01\/equipamentos-agricolas-sao-destinados-a-associacoes-de-agricultores-familiares-de-camaca\/","title":{"rendered":"Equipamentos agr\u00edcolas s\u00e3o destinados a associa\u00e7\u00f5es de agricultores familiares de Camac\u00e3"},"content":{"rendered":"<div>Dois tratores com implementos agr\u00edcolas foram destinados, neste s\u00e1bado (29), a associa\u00e7\u00f5es comunit\u00e1rias das localidades de Entre Rios e Jacaraci, no munic\u00edpio de Camac\u00e3. Os equipamentos ser\u00e3o utilizados pelas organiza\u00e7\u00f5es para apoiar a realiza\u00e7\u00e3o de servi\u00e7os agr\u00edcolas nas propriedades das fam\u00edlias associadas.<\/div>\n<div><\/div>\n<div>A a\u00e7\u00e3o foi executada pela Companhia de Desenvolvimento e A\u00e7\u00e3o Regional (CAR), vinculada \u00e0 Secretaria de Desenvolvimento Rural (SDR). A entrega ocorreu durante o X Festival do Cacau e do Chocolate de Camac\u00e3, realizado neste fim de semana em raz\u00e3o dos 65 anos de emancipa\u00e7\u00e3o pol\u00edtica do munic\u00edpio.<\/div>\n<div><\/div>\n<div>Com a disponibilidade dos equipamentos, as associa\u00e7\u00f5es poder\u00e3o organizar o atendimento \u00e0s fam\u00edlias para atividades como preparo do solo e outros servi\u00e7os mecanizados necess\u00e1rios ao processo produtivo. A utiliza\u00e7\u00e3o coletiva dos tratores tamb\u00e9m pode reduzir a necessidade de contrata\u00e7\u00e3o individual de m\u00e1quinas por parte dos agricultores.<img loading=\"lazy\" decoding=\"async\" class=\"aligncenter wp-image-19428\" src=\"https:\/\/www.cacauechocolate.com.br\/v1\/wp-content\/uploads\/2026\/08\/WhatsApp-Image-2026-08-31-at-11.49.01-3.jpeg\" alt=\"\" width=\"368\" height=\"245\" srcset=\"https:\/\/www.cacauechocolate.com.br\/v1\/wp-content\/uploads\/2026\/08\/WhatsApp-Image-2026-08-31-at-11.49.01-3.jpeg 765w, https:\/\/www.cacauechocolate.com.br\/v1\/wp-content\/uploads\/2026\/08\/WhatsApp-Image-2026-08-31-at-11.49.01-3-300x200.jpeg 300w\" sizes=\"(max-width: 368px) 100vw, 368px\" \/><\/div>\n<div><\/div>\n<div>Na Associa\u00e7\u00e3o de Entre Rios, que re\u00fane 27 fam\u00edlias, o equipamento ser\u00e1 utilizado em atividades relacionadas ao cultivo de cacau, caf\u00e9, hortali\u00e7as, banana-da-terra, mandioca, entre outros produtos. \u201cEsse trator vai ajudar a preparar o solo para aumentar nossa produ\u00e7\u00e3o de cacau, caf\u00e9, hortali\u00e7as, banana-da-terra, aipim, entre outros cultivos. \u00c9 muito importante para a gente\u201d, afirmou Leandro Souza de Oliveira, representante da Associa\u00e7\u00e3o de Entre Rios.<img loading=\"lazy\" decoding=\"async\" class=\"aligncenter wp-image-19429\" src=\"https:\/\/www.cacauechocolate.com.br\/v1\/wp-content\/uploads\/2026\/08\/WhatsApp-Image-2026-08-31-at-11.49.02-1.jpeg\" alt=\"\" width=\"390\" height=\"260\" srcset=\"https:\/\/www.cacauechocolate.com.br\/v1\/wp-content\/uploads\/2026\/08\/WhatsApp-Image-2026-08-31-at-11.49.02-1.jpeg 765w, https:\/\/www.cacauechocolate.com.br\/v1\/wp-content\/uploads\/2026\/08\/WhatsApp-Image-2026-08-31-at-11.49.02-1-300x200.jpeg 300w\" sizes=\"(max-width: 390px) 100vw, 390px\" \/><\/div>\n<div><\/div>\n<div>Segundo Jeandro Ribeiro, diretor-presidente da CAR, a utiliza\u00e7\u00e3o compartilhada dos equipamentos permite \u00e0s associa\u00e7\u00f5es organizar o acesso das fam\u00edlias aos servi\u00e7os mecanizados. \u201cA disponibiliza\u00e7\u00e3o dos tratores e implementos por meio das associa\u00e7\u00f5es permite organizar o atendimento \u00e0s fam\u00edlias e ampliar o acesso aos servi\u00e7os mecanizados. Os equipamentos podem ser utilizados em diferentes etapas do processo produtivo, especialmente no preparo do solo\u201d, explicou.<\/div>\n<div><\/div>\n<div>Durante o evento, tamb\u00e9m foi assinada ordem de servi\u00e7o para a requalifica\u00e7\u00e3o da unidade de abate e processamento de carnes bovinas de Camac\u00e3. A interven\u00e7\u00e3o prev\u00ea adequa\u00e7\u00f5es na estrutura da unidade, com o objetivo de atender \u00e0s exig\u00eancias aplic\u00e1veis ao funcionamento do espa\u00e7o.<\/div>\n<div><\/div>\n<div>Fotos: Marta Medeiros<\/div>\n","protected":false},"excerpt":{"rendered":"<p>Dois tratores com implementos agr\u00edcolas foram destinados, neste s\u00e1bado (29), a associa\u00e7\u00f5es comunit\u00e1rias das localidades de Entre Rios e Jacaraci, no munic\u00edpio de Camac\u00e3. Os equipamentos ser\u00e3o utilizados pelas organiza\u00e7\u00f5es para apoiar a realiza\u00e7\u00e3o de servi\u00e7os agr\u00edcolas nas propriedades das fam\u00edlias associadas. A a\u00e7\u00e3o foi executada pela Companhia de Desenvolvimento e A\u00e7\u00e3o Regional (CAR), vinculada &hellip;<\/p>\n","protected":false},"author":2,"featured_media":19427,"comment_status":"open","ping_status":"open","sticky":false,"template":"","format":"standard","meta":{"footnotes":"","_links_to":"","_links_to_target":""},"categories":[1],"tags":[4451,917,4452,31,1397],"class_list":["post-19426","post","type-post","status-publish","format-standard","has-post-thumbnail","hentry","category-geral","tag-associacoes-de-agricultores-familiares-de-camaca","tag-companhia-de-desenvolvimento-e-acao-regional-car","tag-equipamentos-agricolas","tag-governo-da-bahia","tag-jeando-ribeiro"],"views":10,"_links":{"self":[{"href":"https:\/\/www.cacauechocolate.com.br\/v1\/wp-json\/wp\/v2\/posts\/19426"}],"collection":[{"href":"https:\/\/www.cacauechocolate.com.br\/v1\/wp-json\/wp\/v2\/posts"}],"about":[{"href":"https:\/\/www.cacauechocolate.com.br\/v1\/wp-json\/wp\/v2\/types\/post"}],"author":[{"embeddable":true,"href":"https:\/\/www.cacauechocolate.com.br\/v1\/wp-json\/wp\/v2\/users\/2"}],"replies":[{"embeddable":true,"href":"https:\/\/www.cacauechocolate.com.br\/v1\/wp-json\/wp\/v2\/comments?post=19426"}],"version-history":[{"count":1,"href":"https:\/\/www.cacauechocolate.com.br\/v1\/wp-json\/wp\/v2\/posts\/19426\/revisions"}],"predecessor-version":[{"id":19430,"href":"https:\/\/www.cacauechocolate.com.br\/v1\/wp-json\/wp\/v2\/posts\/19426\/revisions\/19430"}],"wp:featuredmedia":[{"embeddable":true,"href":"https:\/\/www.cacauechocolate.com.br\/v1\/wp-json\/wp\/v2\/media\/19427"}],"wp:attachment":[{"href":"https:\/\/www.cacauechocolate.com.br\/v1\/wp-json\/wp\/v2\/media?parent=19426"}],"wp:term":[{"taxonomy":"category","embeddable":true,"href":"https:\/\/www.cacauechocolate.com.br\/v1\/wp-json\/wp\/v2\/categories?post=19426"},{"taxonomy":"post_tag","embeddable":true,"href":"https:\/\/www.cacauechocolate.com.br\/v1\/wp-json\/wp\/v2\/tags?post=19426"}],"curies":[{"name":"wp","href":"https:\/\/api.w.org\/{rel}","templated":true}]}}