{"id":19500,"date":"2026-09-04T06:00:37","date_gmt":"2026-09-04T09:00:37","guid":{"rendered":"https:\/\/www.cacauechocolate.com.br\/v1\/?p=19500"},"modified":"2026-09-04T08:39:05","modified_gmt":"2026-09-04T11:39:05","slug":"bahia-amplia-conexao-internacional-com-novo-voo-direto-entre-salvador-e-santiago","status":"publish","type":"post","link":"https:\/\/www.cacauechocolate.com.br\/v1\/2026\/09\/04\/bahia-amplia-conexao-internacional-com-novo-voo-direto-entre-salvador-e-santiago\/","title":{"rendered":"Bahia amplia conex\u00e3o internacional com novo voo direto entre Salvador e Santiago"},"content":{"rendered":"<div>A Bahia passa a contar com uma nova conex\u00e3o direta na malha a\u00e9rea internacional entre Salvador e Santiago, no Chile. O novo voo da LATAM Airlines foi lan\u00e7ado oficialmente nesta quinta-feira (3), em Salvador, em uma iniciativa articulada pela Secretaria de Turismo do Estado (Setur-BA). Durante o evento, tamb\u00e9m foi anunciada a implanta\u00e7\u00e3o da primeira base da LATAM no Nordeste para manuten\u00e7\u00e3o de aeronaves, que funcionar\u00e1 no Aeroporto de Salvador.<\/div>\n<div><\/div>\n<div>Inicialmente, ser\u00e3o tr\u00eas voos semanais durante a temporada de ver\u00e3o. As partidas de Salvador ser\u00e3o \u00e0s quartas, sextas e domingos, \u00e0s 21h15, com chegada a Santiago \u00e0s 3h do dia seguinte. No sentido inverso, os voos sair\u00e3o da capital chilena \u00e0s segundas, quintas e s\u00e1bados, \u00e0s 4h30, chegando a Salvador \u00e0s 10h. A opera\u00e7\u00e3o do voo come\u00e7a a operar em 3 de janeiro de 2027 e, a partir de mar\u00e7o, contar\u00e1 com uma frequ\u00eancia semanal. As passagens a\u00e9reas estar\u00e3o dispon\u00edveis a partir deste s\u00e1bado (29), no site da LATAM e nos demais canais de venda da companhia.<\/div>\n<div><\/div>\n<div><b>Primeira base da LATAM no Nordeste<\/b><\/div>\n<div><img loading=\"lazy\" decoding=\"async\" class=\"aligncenter wp-image-19502\" src=\"https:\/\/www.cacauechocolate.com.br\/v1\/wp-content\/uploads\/2026\/09\/Foto-Wuiga-RubiniGOVBA-2.jpeg\" alt=\"\" width=\"389\" height=\"259\" srcset=\"https:\/\/www.cacauechocolate.com.br\/v1\/wp-content\/uploads\/2026\/09\/Foto-Wuiga-RubiniGOVBA-2.jpeg 640w, https:\/\/www.cacauechocolate.com.br\/v1\/wp-content\/uploads\/2026\/09\/Foto-Wuiga-RubiniGOVBA-2-300x200.jpeg 300w\" sizes=\"(max-width: 389px) 100vw, 389px\" \/><\/div>\n<div>A implanta\u00e7\u00e3o da primeira base da LATAM no Nordeste para manuten\u00e7\u00e3o de aeronaves amplia a estrutura da companhia em Salvador e acompanha o crescimento da opera\u00e7\u00e3o na regi\u00e3o. A unidade ter\u00e1 atividades voltadas \u00e0 manuten\u00e7\u00e3o aeron\u00e1utica e tamb\u00e9m deve ampliar a oferta de postos de trabalho especializados.<\/div>\n<div><\/div>\n<div><\/div>\n<div><b><i>Fotos: Wuiga Rubini\/GOVBA<\/i><\/b><\/div>\n","protected":false},"excerpt":{"rendered":"<p>A Bahia passa a contar com uma nova conex\u00e3o direta na malha a\u00e9rea internacional entre Salvador e Santiago, no Chile. O novo voo da LATAM Airlines foi lan\u00e7ado oficialmente nesta quinta-feira (3), em Salvador, em uma iniciativa articulada pela Secretaria de Turismo do Estado (Setur-BA). Durante o evento, tamb\u00e9m foi anunciada a implanta\u00e7\u00e3o da primeira &hellip;<\/p>\n","protected":false},"author":2,"featured_media":19501,"comment_status":"open","ping_status":"open","sticky":false,"template":"","format":"standard","meta":{"footnotes":"","_links_to":"","_links_to_target":""},"categories":[1],"tags":[31,4463,877],"class_list":["post-19500","post","type-post","status-publish","format-standard","has-post-thumbnail","hentry","category-geral","tag-governo-da-bahia","tag-novo-voo-direto-entre-salvador-e-santiago","tag-secretaria-de-turismo"],"views":6,"_links":{"self":[{"href":"https:\/\/www.cacauechocolate.com.br\/v1\/wp-json\/wp\/v2\/posts\/19500"}],"collection":[{"href":"https:\/\/www.cacauechocolate.com.br\/v1\/wp-json\/wp\/v2\/posts"}],"about":[{"href":"https:\/\/www.cacauechocolate.com.br\/v1\/wp-json\/wp\/v2\/types\/post"}],"author":[{"embeddable":true,"href":"https:\/\/www.cacauechocolate.com.br\/v1\/wp-json\/wp\/v2\/users\/2"}],"replies":[{"embeddable":true,"href":"https:\/\/www.cacauechocolate.com.br\/v1\/wp-json\/wp\/v2\/comments?post=19500"}],"version-history":[{"count":1,"href":"https:\/\/www.cacauechocolate.com.br\/v1\/wp-json\/wp\/v2\/posts\/19500\/revisions"}],"predecessor-version":[{"id":19503,"href":"https:\/\/www.cacauechocolate.com.br\/v1\/wp-json\/wp\/v2\/posts\/19500\/revisions\/19503"}],"wp:featuredmedia":[{"embeddable":true,"href":"https:\/\/www.cacauechocolate.com.br\/v1\/wp-json\/wp\/v2\/media\/19501"}],"wp:attachment":[{"href":"https:\/\/www.cacauechocolate.com.br\/v1\/wp-json\/wp\/v2\/media?parent=19500"}],"wp:term":[{"taxonomy":"category","embeddable":true,"href":"https:\/\/www.cacauechocolate.com.br\/v1\/wp-json\/wp\/v2\/categories?post=19500"},{"taxonomy":"post_tag","embeddable":true,"href":"https:\/\/www.cacauechocolate.com.br\/v1\/wp-json\/wp\/v2\/tags?post=19500"}],"curies":[{"name":"wp","href":"https:\/\/api.w.org\/{rel}","templated":true}]}}