{"id":19514,"date":"2026-09-04T15:30:51","date_gmt":"2026-09-04T18:30:51","guid":{"rendered":"https:\/\/www.cacauechocolate.com.br\/v1\/?p=19514"},"modified":"2026-09-04T15:08:38","modified_gmt":"2026-09-04T18:08:38","slug":"conecta-recicla-itabuna-gincana-ambiental-e-lancada-com-participacao-de-estudantes-parceiros-e-comunidade-escolar","status":"publish","type":"post","link":"https:\/\/www.cacauechocolate.com.br\/v1\/2026\/09\/04\/conecta-recicla-itabuna-gincana-ambiental-e-lancada-com-participacao-de-estudantes-parceiros-e-comunidade-escolar\/","title":{"rendered":"Conecta, Recicla Itabuna: Gincana Ambiental \u00e9 lan\u00e7ada com participa\u00e7\u00e3o de estudantes, parceiros e comunidade escolar"},"content":{"rendered":"<p>Educa\u00e7\u00e3o ambiental, coleta seletiva, participa\u00e7\u00e3o estudantil e valoriza\u00e7\u00e3o do trabalho dos agentes ambientais marcaram a abertura do Projeto Conecta, Recicla Itabuna! \u2013 Gincana Ambiental nas Escolas, realizada na quinta-feira, 3 de setembro, no Audit\u00f3rio do Col\u00e9gio Modelo Luiz Eduardo Magalh\u00e3es, em Itabuna.\u00a0A iniciativa \u00e9 \u00a0uma realiza\u00e7\u00e3o da \u00a0Associa\u00e7\u00e3o de Agentes Ambientais e Catadores de Materiais Reutiliz\u00e1veis e Recicl\u00e1veis de Itabuna (AACRRI) e pela Ecoari, com apoio institucional da Defensoria P\u00fablica do Estado da Bahia, por meio da Coordena\u00e7\u00e3o de Gest\u00e3o Ambiental (COGAM), e patroc\u00ednio da CVR Costa do Cacau e da Bio Sanear. O projeto tem como foco a educa\u00e7\u00e3o ambiental, a coleta seletiva e a mobiliza\u00e7\u00e3o comunit\u00e1ria, aproximando estudantes, fam\u00edlias e comunidades das pr\u00e1ticas sustent\u00e1veis.<\/p>\n<p>A cerim\u00f4nia reuniu cerca de 180 estudantes, al\u00e9m de professores, gestores escolares, parceiros e convidados. O Col\u00e9gio Modelo, al\u00e9m de integrar a Gincana, acolheu a abertura do projeto, proporcionando um importante espa\u00e7o de integra\u00e7\u00e3o e sensibiliza\u00e7\u00e3o da comunidade escolar. A abertura e as boas-vindas foram realizadas pela presidente da AACRRI, Carissa Ara\u00fajo Santos, que destacou o papel dos agentes ambientais e catadores de materiais recicl\u00e1veis e a import\u00e2ncia da parceria com as escolas para ampliar a coleta seletiva e formar uma nova gera\u00e7\u00e3o mais consciente sobre a destina\u00e7\u00e3o correta dos res\u00edduos.<\/p>\n<p>&nbsp;<\/p>\n<p>\u201cQueremos que os estudantes compreendam que cada material separado corretamente tem valor ambiental, social e econ\u00f4mico. A participa\u00e7\u00e3o das escolas fortalece a coleta seletiva e tamb\u00e9m ajuda a sociedade a reconhecer a import\u00e2ncia do trabalho realizado diariamente pelos nossos agentes ambientais e catadores\u201d, destacou Carissa Ara\u00fajo Santos.<\/p>\n<p><img loading=\"lazy\" decoding=\"async\" class=\"aligncenter  wp-image-19517\" src=\"https:\/\/www.cacauechocolate.com.br\/v1\/wp-content\/uploads\/2026\/09\/PHOTO-2026-09-04-12-45-15.jpg\" alt=\"\" width=\"375\" height=\"250\" srcset=\"https:\/\/www.cacauechocolate.com.br\/v1\/wp-content\/uploads\/2026\/09\/PHOTO-2026-09-04-12-45-15.jpg 765w, https:\/\/www.cacauechocolate.com.br\/v1\/wp-content\/uploads\/2026\/09\/PHOTO-2026-09-04-12-45-15-300x200.jpg 300w\" sizes=\"(max-width: 375px) 100vw, 375px\" \/><\/p>\n<p>Educa\u00e7\u00e3o ambiental que ultrapassa os muros das escolas<\/p>\n<p>Durante o encontro, L\u00edvia Pl\u00e1cido, CEO da Ecoari, apresentou a proposta e ressaltou a import\u00e2ncia de transformar o conhecimento ambiental em atitudes concretas no cotidiano. \u201cO Conecta, Recicla Itabuna com mais uma edi\u00e7\u00e3o envolvendo estudantes de maneira participativa, mostrando que sustentabilidade se constr\u00f3i com atitudes. Quando conseguimos envolver a escola, chegamos tamb\u00e9m \u00e0s fam\u00edlias e \u00e0s comunidades, ampliando o impacto positivo da coleta seletiva\u201d, ressaltou L\u00edvia Pl\u00e1cido.<\/p>\n<p>&nbsp;<\/p>\n<p>O representante da Bio Sanear, Alan Lima, refor\u00e7ou a import\u00e2ncia da uni\u00e3o entre institui\u00e7\u00f5es, empresas e comunidade para que as pr\u00e1ticas ambientais sejam incorporadas \u00e0 rotina da popula\u00e7\u00e3o.<\/p>\n<p><img loading=\"lazy\" decoding=\"async\" class=\"aligncenter  wp-image-19518\" src=\"https:\/\/www.cacauechocolate.com.br\/v1\/wp-content\/uploads\/2026\/09\/PHOTO-2026-09-04-12-45-15-2.jpg\" alt=\"\" width=\"387\" height=\"258\" srcset=\"https:\/\/www.cacauechocolate.com.br\/v1\/wp-content\/uploads\/2026\/09\/PHOTO-2026-09-04-12-45-15-2.jpg 765w, https:\/\/www.cacauechocolate.com.br\/v1\/wp-content\/uploads\/2026\/09\/PHOTO-2026-09-04-12-45-15-2-300x200.jpg 300w\" sizes=\"(max-width: 387px) 100vw, 387px\" \/><\/p>\n<p>A coordenadora socioambiental da CVR Costa do Cacau-Marca, Ang\u00e9lica Tomassini destacou a import\u00e2ncia da destina\u00e7\u00e3o ambientalmente adequada dos res\u00edduos e do investimento em a\u00e7\u00f5es capazes de sensibilizar crian\u00e7as e jovens.<\/p>\n<p>&nbsp;<\/p>\n<p>Representando o Legislativo durante a programa\u00e7\u00e3o, o vereador Paulinho do Banco, grande parceiro da AACRRI, participou do encontro e contribuiu de forma leve e descontra\u00edda para aproximar o tema ambiental dos aproximadamente 180 alunos presentes.<\/p>\n<p>&nbsp;<\/p>\n<p>A intera\u00e7\u00e3o tornou a abertura ainda mais participativa, refor\u00e7ando que assuntos como coleta seletiva, reciclagem e preserva\u00e7\u00e3o ambiental tamb\u00e9m podem ser trabalhados de maneira acess\u00edvel, din\u00e2mica e pr\u00f3xima da realidade dos estudantes.<\/p>\n<p><img loading=\"lazy\" decoding=\"async\" class=\"aligncenter  wp-image-19519\" src=\"https:\/\/www.cacauechocolate.com.br\/v1\/wp-content\/uploads\/2026\/09\/PHOTO-2026-09-04-12-45-15-1.jpg\" alt=\"\" width=\"339\" height=\"272\" srcset=\"https:\/\/www.cacauechocolate.com.br\/v1\/wp-content\/uploads\/2026\/09\/PHOTO-2026-09-04-12-45-15-1.jpg 765w, https:\/\/www.cacauechocolate.com.br\/v1\/wp-content\/uploads\/2026\/09\/PHOTO-2026-09-04-12-45-15-1-300x240.jpg 300w\" sizes=\"(max-width: 339px) 100vw, 339px\" \/><\/p>\n<p>O evento foi coordenado pelo assessor t\u00e9cnico da AACRRI, Marcos Vin\u00edcius Pedra Pereira, juntamente com a assistente social da Defensoria P\u00fablica do Estado da Bahia, Andr\u00e9a Pires dos Reis, que acompanharam a organiza\u00e7\u00e3o e o desenvolvimento da programa\u00e7\u00e3o, com dos integrantes da mesa e orienta\u00e7\u00f5es sobre as atividades da Gincana.<\/p>\n<p>Sete escolas participam da Gincana<\/p>\n<p>A Gincana Ambiental envolver\u00e1 sete unidades escolares de Itabuna: Col\u00e9gio Estadual de Tempo Integral Professor Adeum Hil\u00e1rio Sauer, Col\u00e9gio Modelo Luiz Eduardo Magalh\u00e3es, Escola Municipal Jo\u00e3o Magabinha Filho, Escola Municipal Maria Creusa Pereira da Silva, Grupo Escolar Am\u00e9lio Cordier, Grupo Escolar Jo\u00e3o Alves Ara\u00fajo e Grupo Escolar Pedro Lemos.<\/p>\n<p>&nbsp;<\/p>\n<p>Ao longo do projeto, ser\u00e3o realizadas a\u00e7\u00f5es de educa\u00e7\u00e3o ambiental, coleta e pesagem de materiais recicl\u00e1veis, atividades l\u00fadicas, Quiz Ambiental, mobiliza\u00e7\u00e3o comunit\u00e1ria, Blitz Ambiental e atividades extras desenvolvidas pelas pr\u00f3prias escolas, incentivando o protagonismo dos estudantes e o envolvimento das fam\u00edlias e comunidades.<\/p>\n<p><img loading=\"lazy\" decoding=\"async\" class=\"aligncenter  wp-image-19520\" src=\"https:\/\/www.cacauechocolate.com.br\/v1\/wp-content\/uploads\/2026\/09\/PHOTO-2026-09-04-12-45-16-1.jpg\" alt=\"\" width=\"333\" height=\"267\" srcset=\"https:\/\/www.cacauechocolate.com.br\/v1\/wp-content\/uploads\/2026\/09\/PHOTO-2026-09-04-12-45-16-1.jpg 765w, https:\/\/www.cacauechocolate.com.br\/v1\/wp-content\/uploads\/2026\/09\/PHOTO-2026-09-04-12-45-16-1-300x241.jpg 300w\" sizes=\"(max-width: 333px) 100vw, 333px\" \/><\/p>\n<p>Condom\u00ednio Jardim das Hort\u00eansias ter\u00e1 projeto piloto<\/p>\n<p>Uma das novidades do Conecta, Recicla Itabuna ser\u00e1 a realiza\u00e7\u00e3o de um projeto piloto no Condom\u00ednio Residencial Jardim das Hort\u00eansias, ampliando a proposta de mobiliza\u00e7\u00e3o ambiental para o ambiente residencial. A iniciativa buscar\u00e1 incentivar os moradores a realizarem a separa\u00e7\u00e3o correta dos materiais recicl\u00e1veis. O material arrecadado ser\u00e1 destinado \u00e0 AACRRI e, a partir dos recicl\u00e1veis, a pontua\u00e7\u00e3o ser\u00e1 convertido em PIX para o pr\u00f3prio condom\u00ednio.<\/p>\n<p>&nbsp;<\/p>\n<p>A experi\u00eancia pretende demonstrar, na pr\u00e1tica, que a coleta seletiva pode gerar benef\u00edcios ambientais, sociais e tamb\u00e9m retorno para a comunidade, ao mesmo tempo em que fortalece o trabalho e a gera\u00e7\u00e3o de renda dos agentes ambientais e catadores.<\/p>\n<p>Encerramento com surpresa para os estudantes<\/p>\n<p>Ao final da programa\u00e7\u00e3o, a AACRRI realizou o sorteio de um PIX entre os alunos presentes, proporcionando um momento de descontra\u00e7\u00e3o e encerrando a cerim\u00f4nia de forma participativa.<\/p>\n<p>A Associa\u00e7\u00e3o tamb\u00e9m registrou um agradecimento especial ao Col\u00e9gio Modelo Luiz Eduardo Magalh\u00e3es, pela acolhida, disponibiliza\u00e7\u00e3o do audit\u00f3rio e participa\u00e7\u00e3o na Gincana, envolvendo dire\u00e7\u00e3o, coordena\u00e7\u00e3o, professores, funcion\u00e1rios e estudantes.<\/p>\n<p>&nbsp;<\/p>\n<p>Com o lan\u00e7amento do projeto, come\u00e7a agora uma nova etapa de mobiliza\u00e7\u00e3o e atividades junto \u00e0s escolas e \u00e0 comunidade. Mais do que uma competi\u00e7\u00e3o, a Gincana Ambiental pretende contribuir para que a coleta seletiva se torne um h\u00e1bito permanente, aproximando estudantes do trabalho dos catadores e fortalecendo uma cultura de responsabilidade compartilhada pelos res\u00edduos.<\/p>\n<p>Conecta, Recicla Itabuna: escola, comunidade, agentes ambientais e parceiros unidos por uma cidade mais sustent\u00e1vel.<\/p>\n","protected":false},"excerpt":{"rendered":"<p>Educa\u00e7\u00e3o ambiental, coleta seletiva, participa\u00e7\u00e3o estudantil e valoriza\u00e7\u00e3o do trabalho dos agentes ambientais marcaram a abertura do Projeto Conecta, Recicla Itabuna! \u2013 Gincana Ambiental nas Escolas, realizada na quinta-feira, 3 de setembro, no Audit\u00f3rio do Col\u00e9gio Modelo Luiz Eduardo Magalh\u00e3es, em Itabuna.\u00a0A iniciativa \u00e9 \u00a0uma realiza\u00e7\u00e3o da \u00a0Associa\u00e7\u00e3o de Agentes Ambientais e Catadores de Materiais &hellip;<\/p>\n","protected":false},"author":2,"featured_media":19515,"comment_status":"open","ping_status":"open","sticky":false,"template":"","format":"standard","meta":{"footnotes":"","_links_to":"","_links_to_target":""},"categories":[3,1],"tags":[1730,2940,4466,4467],"class_list":["post-19514","post","type-post","status-publish","format-standard","has-post-thumbnail","hentry","category-destaques","category-geral","tag-associacao-de-agentes-ambientais-e-catadores-de-materiais-reutilizaveis-e-reciclaveis-de-itabuna-aacrri","tag-ecoari","tag-projeto-conecta","tag-recicla-itabuna-gincana-ambiental-nas-escolas"],"views":48,"_links":{"self":[{"href":"https:\/\/www.cacauechocolate.com.br\/v1\/wp-json\/wp\/v2\/posts\/19514"}],"collection":[{"href":"https:\/\/www.cacauechocolate.com.br\/v1\/wp-json\/wp\/v2\/posts"}],"about":[{"href":"https:\/\/www.cacauechocolate.com.br\/v1\/wp-json\/wp\/v2\/types\/post"}],"author":[{"embeddable":true,"href":"https:\/\/www.cacauechocolate.com.br\/v1\/wp-json\/wp\/v2\/users\/2"}],"replies":[{"embeddable":true,"href":"https:\/\/www.cacauechocolate.com.br\/v1\/wp-json\/wp\/v2\/comments?post=19514"}],"version-history":[{"count":2,"href":"https:\/\/www.cacauechocolate.com.br\/v1\/wp-json\/wp\/v2\/posts\/19514\/revisions"}],"predecessor-version":[{"id":19521,"href":"https:\/\/www.cacauechocolate.com.br\/v1\/wp-json\/wp\/v2\/posts\/19514\/revisions\/19521"}],"wp:featuredmedia":[{"embeddable":true,"href":"https:\/\/www.cacauechocolate.com.br\/v1\/wp-json\/wp\/v2\/media\/19515"}],"wp:attachment":[{"href":"https:\/\/www.cacauechocolate.com.br\/v1\/wp-json\/wp\/v2\/media?parent=19514"}],"wp:term":[{"taxonomy":"category","embeddable":true,"href":"https:\/\/www.cacauechocolate.com.br\/v1\/wp-json\/wp\/v2\/categories?post=19514"},{"taxonomy":"post_tag","embeddable":true,"href":"https:\/\/www.cacauechocolate.com.br\/v1\/wp-json\/wp\/v2\/tags?post=19514"}],"curies":[{"name":"wp","href":"https:\/\/api.w.org\/{rel}","templated":true}]}}