{"id":2681,"date":"2021-12-15T14:49:12","date_gmt":"2021-12-15T17:49:12","guid":{"rendered":"https:\/\/www.cacauechocolate.com.br\/v1\/?p=2681"},"modified":"2021-12-15T14:49:55","modified_gmt":"2021-12-15T17:49:55","slug":"chocolat-festival-em-ilheus-tera-tunel-cabruca-e-arvore-gigante-de-natal","status":"publish","type":"post","link":"https:\/\/www.cacauechocolate.com.br\/v1\/2021\/12\/15\/chocolat-festival-em-ilheus-tera-tunel-cabruca-e-arvore-gigante-de-natal\/","title":{"rendered":"Chocolat Festival em Ilh\u00e9us ter\u00e1 Tunel Cabruca e \u00c1rvore Gigante de Natal"},"content":{"rendered":"<p style=\"font-weight: 400;\">Com entrada gratuita e uma programa\u00e7\u00e3o variada, a 12\u00aa edi\u00e7\u00e3o do Festival Internacional do Chocolate e Cacau, edi\u00e7\u00e3o Bahia, que tem o apoio do Governo da Bahia, come\u00e7a nesta quinta-feira (16) e segue at\u00e9 domingo (19), no estacionamento do Centro de Conven\u00e7\u00f5es da cidade de Ilh\u00e9us, no Sul da Bahia. O evento \u2013 considerado o maior do setor no Brasil \u2013 ir\u00e1 trazer grandes nomes da culin\u00e1ria nacional e local, exposi\u00e7\u00e3o cultural, f\u00f3rum, feiras, atividades para as crian\u00e7as, al\u00e9m de experi\u00eancias sensoriais, espa\u00e7os de alimenta\u00e7\u00e3o voltados para toda a fam\u00edlia e atra\u00e7\u00f5es musicais, al\u00e9m da grande novidade de Natal que acontecer\u00e1 no espa\u00e7o Ateli\u00ea do Chocolate, onde o chef paulista Abner Ivan montar\u00e1, ao vivo, uma gigante \u00e1rvore de Natal, com mais de dois metros de altura e 350 kg do mais puro chocolate.<\/p>\n<p style=\"font-weight: 400;\"><img loading=\"lazy\" decoding=\"async\" class=\"aligncenter size-medium wp-image-2683\" src=\"https:\/\/www.cacauechocolate.com.br\/v1\/wp-content\/uploads\/2021\/12\/choc-fest-1-300x200.jpg\" alt=\"\" width=\"300\" height=\"200\" srcset=\"https:\/\/www.cacauechocolate.com.br\/v1\/wp-content\/uploads\/2021\/12\/choc-fest-1-300x200.jpg 300w, https:\/\/www.cacauechocolate.com.br\/v1\/wp-content\/uploads\/2021\/12\/choc-fest-1.jpg 328w\" sizes=\"(max-width: 300px) 100vw, 300px\" \/><\/p>\n<p style=\"font-weight: 400;\">Iniciando suas atividades \u00e0s 18h30 desta quinta, a programa\u00e7\u00e3o da Cozinha Show vai trazer o chef\u00a0 J\u00fanior Fran\u00e7a e, logo em seguida, \u00e0s 20h, o chef Andr\u00e9 Cabral. Todos eles ir\u00e3o apresentar receitas exclusivas com os ingredientes do cacau. Na mesma noite, o evento traz apresenta\u00e7\u00f5es musicais das bandas Maracatu Estrela da Serra, Mulheres em Dom\u00ednio P\u00fablico e Forr\u00f3 Quatro Esta\u00e7\u00f5es. Na sexta-feira (17), acontece o F\u00f3rum Brasileiro do Cacau, com pain\u00e9is sobre a cacauicultura no Brasil e no mundo, produ\u00e7\u00e3o de cacau fino, sustentabilidade da cultura do cacau e avan\u00e7os tecnol\u00f3gicos. Destaque para a presen\u00e7a do\u00a0especialista em blockchain e trader Tassio Gil, que vai explicar mais sobre a tokeniza\u00e7\u00e3o do cacau.\u00a0 E paralelo, ser\u00e3o realizadas as oficinas da Cozinha Show, das 16h \u00e0s 20h, com os chefs Andr\u00e9 Cabral, Elise Hadassa e Cl\u00e9cio Campos. As apresenta\u00e7\u00f5es culturais do dia 17 ficam por conta do show de capoeira com o mestre Luiz Capeta, Putorkestra (Zezo Maltez) e Samba de Leoah.<\/p>\n<p style=\"font-weight: 400;\"><img loading=\"lazy\" decoding=\"async\" class=\"aligncenter size-medium wp-image-2684\" src=\"https:\/\/www.cacauechocolate.com.br\/v1\/wp-content\/uploads\/2021\/12\/choc-fest-3-300x201.jpg\" alt=\"\" width=\"300\" height=\"201\" srcset=\"https:\/\/www.cacauechocolate.com.br\/v1\/wp-content\/uploads\/2021\/12\/choc-fest-3-300x201.jpg 300w, https:\/\/www.cacauechocolate.com.br\/v1\/wp-content\/uploads\/2021\/12\/choc-fest-3.jpg 525w\" sizes=\"(max-width: 300px) 100vw, 300px\" \/><\/p>\n<p style=\"font-weight: 400;\">No terceiro dia de encontro (s\u00e1bado), o p\u00fablico poder\u00e1 conferir os chefs Lucas Corazza, Tereza Paim e Zilma Helena com receitas in\u00e9ditas. Tamb\u00e9m acontecer\u00e1 o Chocoday, com pain\u00e9is e palestrantes nacionais e internacionais, discutindo as t\u00e9cnicas do mundo do chocolate. Na \u00e1rea cultural, as bandas Cijay, Fam\u00edlia Caribe e Abaga v\u00e3o animar o p\u00fablico.<\/p>\n<figure id=\"attachment_938\" aria-describedby=\"caption-attachment-938\" style=\"width: 225px\" class=\"wp-caption aligncenter\"><img loading=\"lazy\" decoding=\"async\" class=\"size-medium wp-image-938\" src=\"https:\/\/www.cacauechocolate.com.br\/v1\/wp-content\/uploads\/2020\/01\/CC-jorge-amado-de-chocolate-225x300.jpg\" alt=\"\" width=\"225\" height=\"300\" srcset=\"https:\/\/www.cacauechocolate.com.br\/v1\/wp-content\/uploads\/2020\/01\/CC-jorge-amado-de-chocolate-225x300.jpg 225w, https:\/\/www.cacauechocolate.com.br\/v1\/wp-content\/uploads\/2020\/01\/CC-jorge-amado-de-chocolate.jpg 300w\" sizes=\"(max-width: 225px) 100vw, 225px\" \/><figcaption id=\"caption-attachment-938\" class=\"wp-caption-text\">Jorge Amado, confeccionado com chocolate<\/figcaption><\/figure>\n<p style=\"font-weight: 400;\">No \u00faltimo dia do evento (domingo), ser\u00e1 a vez dos chefs Abner Ivan, Laurent Rezette e Manoel Franklin levarem suas receitas e magias do chocolate para a Cozinha Show. Apresenta\u00e7\u00f5es da Companhia Circo da Lua e Grupo Maktub encerram as atra\u00e7\u00f5es culturais do Chocolat Festival edi\u00e7\u00e3o Bahia 2021.<\/p>\n<p style=\"font-weight: 400;\"><img loading=\"lazy\" decoding=\"async\" class=\"aligncenter size-medium wp-image-175\" src=\"https:\/\/www.cacauechocolate.com.br\/v1\/wp-content\/uploads\/2019\/07\/choco-2-300x200.jpg\" alt=\"\" width=\"300\" height=\"200\" srcset=\"https:\/\/www.cacauechocolate.com.br\/v1\/wp-content\/uploads\/2019\/07\/choco-2-300x200.jpg 300w, https:\/\/www.cacauechocolate.com.br\/v1\/wp-content\/uploads\/2019\/07\/choco-2-768x512.jpg 768w, https:\/\/www.cacauechocolate.com.br\/v1\/wp-content\/uploads\/2019\/07\/choco-2-1024x683.jpg 1024w, https:\/\/www.cacauechocolate.com.br\/v1\/wp-content\/uploads\/2019\/07\/choco-2.jpg 1387w\" sizes=\"(max-width: 300px) 100vw, 300px\" \/><\/p>\n<p style=\"font-weight: 400;\"><strong>Espa\u00e7os Fixos<\/strong><\/p>\n<p style=\"font-weight: 400;\">Para al\u00e9m de toda a programa\u00e7\u00e3o, o Chocolat Festival contar\u00e1 tamb\u00e9m com uma estrutura fixa montada na entrada e sa\u00edda do local chamada T\u00fanel Cabruca, que proporciona uma experi\u00eancia sensorial do cultivo do cacau sob a Mata Atl\u00e2ntica. Tamb\u00e9m ocorrer\u00e3o durante todo o evento duas exposi\u00e7\u00f5es culturais. Uma delas \u00e9 a que mostra a hist\u00f3ria do chocolate, contando como tudo aconteceu e a outra \u00e9 a Exposi\u00e7\u00e3o do Cacau, que apresentar\u00e1 os tipos de cacau mais produzidos na Bahia reproduzidos em resina, para que o p\u00fablico consiga perceber as diferen\u00e7as entre as variedades do fruto. Outra atra\u00e7\u00e3o fixa \u00e9 a Cozinha Kids, um espa\u00e7o voltado para recrea\u00e7\u00e3o que oferece minicursos de confeitaria para os pequenos de 05 a 10 anos.<\/p>\n<p style=\"font-weight: 400;\"><strong>O Evento<\/strong><\/p>\n<figure id=\"attachment_946\" aria-describedby=\"caption-attachment-946\" style=\"width: 300px\" class=\"wp-caption aligncenter\"><img loading=\"lazy\" decoding=\"async\" class=\"size-medium wp-image-946\" src=\"https:\/\/www.cacauechocolate.com.br\/v1\/wp-content\/uploads\/2020\/01\/CC-marco-lessa-2-300x200.jpg\" alt=\"\" width=\"300\" height=\"200\" srcset=\"https:\/\/www.cacauechocolate.com.br\/v1\/wp-content\/uploads\/2020\/01\/CC-marco-lessa-2-300x200.jpg 300w, https:\/\/www.cacauechocolate.com.br\/v1\/wp-content\/uploads\/2020\/01\/CC-marco-lessa-2.jpg 400w\" sizes=\"(max-width: 300px) 100vw, 300px\" \/><figcaption id=\"caption-attachment-946\" class=\"wp-caption-text\">Marco Lessa<\/figcaption><\/figure>\n<p style=\"font-weight: 400;\">Realizado desde 2009\u00a0 pelo empres\u00e1rio Marco Lessa o Chocolat Festival , \u00e9 considerado o maior evento de chocolate de origem do Brasil e re\u00fane toda a cadeia produtiva da planta, passando pelo fruto ao produto final. Durante a programa\u00e7\u00e3o, entre cursos, palestras e workshops, s\u00e3o colocados em destaque os derivados do cacau, as manifesta\u00e7\u00f5es culturais, art\u00edsticas, econ\u00f4micas e sociais que comp\u00f5em o cultivo, o beneficiamento e a comercializa\u00e7\u00e3o do produto agr\u00edcola.<\/p>\n<p style=\"font-weight: 400;\"><img loading=\"lazy\" decoding=\"async\" class=\"aligncenter size-medium wp-image-107\" src=\"https:\/\/www.cacauechocolate.com.br\/v1\/wp-content\/uploads\/2019\/07\/choc-fest-2-1-300x200.jpg\" alt=\"\" width=\"300\" height=\"200\" \/><\/p>\n<p style=\"font-weight: 400;\">Produtores, chocolateiros, jovens empreendedores, chefs especializados, pesquisadores e t\u00e9cnicos podem acompanhar o que os 120 expositores t\u00eam a apresentar sobre as inova\u00e7\u00f5es e a tradicional cultura fascinante do cacau e do chocolate.<\/p>\n<p style=\"font-weight: 400;\"><img loading=\"lazy\" decoding=\"async\" class=\"aligncenter size-medium wp-image-445\" src=\"https:\/\/www.cacauechocolate.com.br\/v1\/wp-content\/uploads\/2019\/09\/choc-p\u00e1r-2-300x200.jpg\" alt=\"\" width=\"300\" height=\"200\" srcset=\"https:\/\/www.cacauechocolate.com.br\/v1\/wp-content\/uploads\/2019\/09\/choc-p\u00e1r-2-300x200.jpg 300w, https:\/\/www.cacauechocolate.com.br\/v1\/wp-content\/uploads\/2019\/09\/choc-p\u00e1r-2.jpg 400w\" sizes=\"(max-width: 300px) 100vw, 300px\" \/><\/p>\n<p style=\"font-weight: 400;\">O Chocolat Bahia 2021 \u00e9 realizado pela MVU Promo\u00e7\u00f5es e Eventos e conta com o apoio financeiro do Governo da Bahia atrav\u00e9s do Fundo de Cultura, da Secretaria Estadual de Cultura e da Secretaria Estadual da Fazenda.<\/p>\n<p style=\"font-weight: 400;\"><img loading=\"lazy\" decoding=\"async\" class=\"aligncenter size-medium wp-image-315\" src=\"https:\/\/www.cacauechocolate.com.br\/v1\/wp-content\/uploads\/2019\/09\/Chocolat-Amaz\u00f4nia-Festival-e-Flor-Par\u00e1_Foto-Divulga\u00e7\u00e3o-3_copy-300x200.jpg\" alt=\"\" width=\"300\" height=\"200\" srcset=\"https:\/\/www.cacauechocolate.com.br\/v1\/wp-content\/uploads\/2019\/09\/Chocolat-Amaz\u00f4nia-Festival-e-Flor-Par\u00e1_Foto-Divulga\u00e7\u00e3o-3_copy-300x200.jpg 300w, https:\/\/www.cacauechocolate.com.br\/v1\/wp-content\/uploads\/2019\/09\/Chocolat-Amaz\u00f4nia-Festival-e-Flor-Par\u00e1_Foto-Divulga\u00e7\u00e3o-3_copy.jpg 400w\" sizes=\"(max-width: 300px) 100vw, 300px\" \/><\/p>\n<p style=\"font-weight: 400;\">O Festival ir\u00e1 acontecer em formato h\u00edbrido, de forma presencial e online. As pessoas poder\u00e3o acompanhar a transmiss\u00e3o atrav\u00e9s do endere\u00e7o\u00a0<a href=\"http:\/\/digital.chocolatfestival.com\/\" data-saferedirecturl=\"https:\/\/www.google.com\/url?q=http:\/\/digital.chocolatfestival.com&amp;source=gmail&amp;ust=1639674425002000&amp;usg=AOvVaw2o7qNwI3vdVG_pccslc_sI\">digital.chocolatfestival.com<\/a>. O evento seguir\u00e1 todos os protocolos de preven\u00e7\u00e3o \u00e0 COVID 19, as orienta\u00e7\u00f5es do Governo do Estado e OMS. Para acessar o local, ser\u00e1 preciso comprovar pelo menos duas doses da vacina. O uso de m\u00e1scaras ser\u00e1 obrigat\u00f3rio e o evento oferecer\u00e1 \u00e1lcool gel e se compromete a manter o n\u00famero de pessoas simultaneamente no evento sempre abaixo do limite permitido.<\/p>\n<p style=\"font-weight: 400;\"><img loading=\"lazy\" decoding=\"async\" class=\"aligncenter size-medium wp-image-112\" src=\"https:\/\/www.cacauechocolate.com.br\/v1\/wp-content\/uploads\/2019\/07\/atelie-choco-2-300x225.jpg\" alt=\"\" width=\"300\" height=\"225\" srcset=\"https:\/\/www.cacauechocolate.com.br\/v1\/wp-content\/uploads\/2019\/07\/atelie-choco-2-300x225.jpg 300w, https:\/\/www.cacauechocolate.com.br\/v1\/wp-content\/uploads\/2019\/07\/atelie-choco-2-768x576.jpg 768w, https:\/\/www.cacauechocolate.com.br\/v1\/wp-content\/uploads\/2019\/07\/atelie-choco-2-1024x768.jpg 1024w, https:\/\/www.cacauechocolate.com.br\/v1\/wp-content\/uploads\/2019\/07\/atelie-choco-2.jpg 1280w\" sizes=\"(max-width: 300px) 100vw, 300px\" \/><\/p>\n<p style=\"font-weight: 400;\">Mais informa\u00e7\u00f5es est\u00e3o dispon\u00edveis nas redes sociais do evento @chocolat_festival e no site\u00a0<a href=\"http:\/\/bahia.chocolatfestival.com\/\" data-saferedirecturl=\"https:\/\/www.google.com\/url?q=http:\/\/bahia.chocolatfestival.com&amp;source=gmail&amp;ust=1639674425002000&amp;usg=AOvVaw2xyRuBh5nAtUwvVidV9cdk\">bahia.chocolatfestival.com<\/a>.<\/p>\n","protected":false},"excerpt":{"rendered":"<p>Com entrada gratuita e uma programa\u00e7\u00e3o variada, a 12\u00aa edi\u00e7\u00e3o do Festival Internacional do Chocolate e Cacau, edi\u00e7\u00e3o Bahia, que tem o apoio do Governo da Bahia, come\u00e7a nesta quinta-feira (16) e segue at\u00e9 domingo (19), no estacionamento do Centro de Conven\u00e7\u00f5es da cidade de Ilh\u00e9us, no Sul da Bahia. O evento \u2013 considerado o &hellip;<\/p>\n","protected":false},"author":2,"featured_media":197,"comment_status":"open","ping_status":"open","sticky":false,"template":"","format":"standard","meta":{"footnotes":"","_links_to":"","_links_to_target":""},"categories":[3,1],"tags":[7,41,8,21,727],"class_list":["post-2681","post","type-post","status-publish","format-standard","has-post-thumbnail","hentry","category-destaques","category-geral","tag-cacau","tag-chocolat-festival","tag-chocolate","tag-ilheus","tag-marcolessa"],"views":1393,"_links":{"self":[{"href":"https:\/\/www.cacauechocolate.com.br\/v1\/wp-json\/wp\/v2\/posts\/2681"}],"collection":[{"href":"https:\/\/www.cacauechocolate.com.br\/v1\/wp-json\/wp\/v2\/posts"}],"about":[{"href":"https:\/\/www.cacauechocolate.com.br\/v1\/wp-json\/wp\/v2\/types\/post"}],"author":[{"embeddable":true,"href":"https:\/\/www.cacauechocolate.com.br\/v1\/wp-json\/wp\/v2\/users\/2"}],"replies":[{"embeddable":true,"href":"https:\/\/www.cacauechocolate.com.br\/v1\/wp-json\/wp\/v2\/comments?post=2681"}],"version-history":[{"count":4,"href":"https:\/\/www.cacauechocolate.com.br\/v1\/wp-json\/wp\/v2\/posts\/2681\/revisions"}],"predecessor-version":[{"id":2687,"href":"https:\/\/www.cacauechocolate.com.br\/v1\/wp-json\/wp\/v2\/posts\/2681\/revisions\/2687"}],"wp:featuredmedia":[{"embeddable":true,"href":"https:\/\/www.cacauechocolate.com.br\/v1\/wp-json\/wp\/v2\/media\/197"}],"wp:attachment":[{"href":"https:\/\/www.cacauechocolate.com.br\/v1\/wp-json\/wp\/v2\/media?parent=2681"}],"wp:term":[{"taxonomy":"category","embeddable":true,"href":"https:\/\/www.cacauechocolate.com.br\/v1\/wp-json\/wp\/v2\/categories?post=2681"},{"taxonomy":"post_tag","embeddable":true,"href":"https:\/\/www.cacauechocolate.com.br\/v1\/wp-json\/wp\/v2\/tags?post=2681"}],"curies":[{"name":"wp","href":"https:\/\/api.w.org\/{rel}","templated":true}]}}