{"id":518,"date":"2019-10-17T11:00:46","date_gmt":"2019-10-17T14:00:46","guid":{"rendered":"https:\/\/www.cacauechocolate.com.br\/v1\/?p=518"},"modified":"2024-09-25T15:24:20","modified_gmt":"2024-09-25T18:24:20","slug":"cooperast-fortalece-sistemas-agroflorestais-na-producao-de-cacau-no-sul-da-bahia","status":"publish","type":"post","link":"https:\/\/www.cacauechocolate.com.br\/v1\/2019\/10\/17\/cooperast-fortalece-sistemas-agroflorestais-na-producao-de-cacau-no-sul-da-bahia\/","title":{"rendered":"Cooperast  fortalece Sistemas Agroflorestais na produ\u00e7\u00e3o de cacau no Sul da Bahia"},"content":{"rendered":"<p>&nbsp;<\/p>\n<p>Uma equipe t\u00e9cnica da Cooperativa de Desenvolvimento Territorial \u2013 Cooperast, juntamente com Cesar Neres, e Mirela Teixeira que s\u00e3o analistas de projetos da \u00a0<a href=\"https:\/\/fundacaocargill.org.br\/\" target=\"_blank\" rel=\"noopener\" data-saferedirecturl=\"https:\/\/www.google.com\/url?q=https:\/\/fundacaocargill.org.br\/&amp;source=gmail&amp;ust=1727372937283000&amp;usg=AOvVaw0ZblTZ6V32Ttd39tF8KkCG\">Funda\u00e7\u00e3o Cargill<\/a>\u00a0 e a analista de sustentabilidade Cintia Oliveira, realizaram visita t\u00e9cnica para acompanhamento da experi\u00eancia de implanta\u00e7\u00e3o de Sistemas Agroflorestais (SAF) em 20 \u00e1reas distribu\u00eddas entre os munic\u00edpios de Una, Buerarema, e Ilh\u00e9us, localizado no Territ\u00f3rio Litoral Sul da Bahia.<\/p>\n<p><img loading=\"lazy\" decoding=\"async\" class=\"aligncenter wp-image-519\" src=\"https:\/\/www.cacauechocolate.com.br\/v1\/wp-content\/uploads\/2019\/10\/coo-4.jpg\" alt=\"\" width=\"373\" height=\"280\" srcset=\"https:\/\/www.cacauechocolate.com.br\/v1\/wp-content\/uploads\/2019\/10\/coo-4.jpg 512w, https:\/\/www.cacauechocolate.com.br\/v1\/wp-content\/uploads\/2019\/10\/coo-4-300x225.jpg 300w\" sizes=\"(max-width: 373px) 100vw, 373px\" \/><\/p>\n<p>Os SAF\u2019s t\u00eam como objetivo promover melhorias e avan\u00e7os na produ\u00e7\u00e3o, comercializa\u00e7\u00e3o e renda dos agricultores, a partir de sistemas produtivos com base ecol\u00f3gica. Consistem no plantio de frutas como o cacau, banana, seringueira, a\u00e7a\u00ed, goiaba, entre outras, em conjunto com \u00e1rvores como pia\u00e7ava, pau pombo, cedro, pau brasil, ing\u00e1, jequitib\u00e1, seringueira entre outras diversas esp\u00e9cies nativas da Mata Atl\u00e2ntica.<\/p>\n<p><img loading=\"lazy\" decoding=\"async\" class=\"aligncenter wp-image-520\" src=\"https:\/\/www.cacauechocolate.com.br\/v1\/wp-content\/uploads\/2019\/10\/coo-1.jpg\" alt=\"\" width=\"395\" height=\"192\" srcset=\"https:\/\/www.cacauechocolate.com.br\/v1\/wp-content\/uploads\/2019\/10\/coo-1.jpg 576w, https:\/\/www.cacauechocolate.com.br\/v1\/wp-content\/uploads\/2019\/10\/coo-1-300x146.jpg 300w\" sizes=\"(max-width: 395px) 100vw, 395px\" \/><\/p>\n<p>Os trabalhos de implanta\u00e7\u00e3o s\u00e3o realizados pelos agricultores locais em parceria com a equipe de Assist\u00eancia T\u00e9cnica e Extens\u00e3o Rural-ATER, e a Cooperast \u00a0com o apoio da Funda\u00e7\u00e3o Cargill atrav\u00e9s do projeto \u201cConstruindo o Amanh\u00e3\u201d, que oferece cursos, oficinas, dias de campo, interc\u00e2mbios de experi\u00eancias, e mutir\u00f5es de trabalho, visando facilitar o processo de aprendizagem, desde o plantio at\u00e9 a comercializa\u00e7\u00e3o dos produtos. A Cooperast tem conv\u00eanios com o\u00a0 Programa Estadual de Assistencia t\u00e9cnicas a agricultores familiares. Sdr\/Bahiater, do Governo da Bahia,\u00a0 e\u00a0 executa projetos do Programa Bahia Produtiva,\u00a0 que \u00e9 de fomento a produ\u00e7\u00e3o, fortalecimento de grupos produtivos e estrutura\u00e7\u00e3o da agricultura familiar.<\/p>\n<p>Marcello Layandys, diretor da Cooperast destaca \u00a0que\u00a0 \u201ca produ\u00e7\u00e3o de alimentos por meio dos SAF\u2019s dentro destas comunidades envolvidas no projeto, visam atender a minimiza\u00e7\u00e3o dos impactos negativos causados pela agricultura convencional\u201d. \u201cAl\u00e9m, de que esta pratica tem se mostrado uma alternativa vi\u00e1vel para esses agricultores, com potencial de aliar a produ\u00e7\u00e3o agroecol\u00f3gica, com a recupera\u00e7\u00e3o das \u00e1reas com uma produ\u00e7\u00e3o org\u00e2nica\u201d, diz<\/p>\n<p><img loading=\"lazy\" decoding=\"async\" class=\"aligncenter wp-image-521\" src=\"https:\/\/www.cacauechocolate.com.br\/v1\/wp-content\/uploads\/2019\/10\/coo-6.jpg\" alt=\"\" width=\"366\" height=\"274\" srcset=\"https:\/\/www.cacauechocolate.com.br\/v1\/wp-content\/uploads\/2019\/10\/coo-6.jpg 512w, https:\/\/www.cacauechocolate.com.br\/v1\/wp-content\/uploads\/2019\/10\/coo-6-300x225.jpg 300w\" sizes=\"(max-width: 366px) 100vw, 366px\" \/><\/p>\n<p>Para o coordenador da Cooperast, \u00a0Walter Lima de Sousa, os SAF\u2019s \u201cproporcionam seguran\u00e7a alimentar, pois esse sistema de plantio traz em um per\u00edodo relativamente curto de tempo, uma grande diversidade de alimentos saud\u00e1veis, sem necessidade de quaisquer insumos externos\u201d.\u00a0 \u201cComisso, melhoramos e diversificamos as atividades agr\u00edcolas produtivas numa mesma \u00e1rea, e potencializando o aumento da produtividade e renda para o pequeno agricultor, que na maioria das vezes trabalha sozinho, e de forma totalmente manual\u201d, conclui.<\/p>\n<p><img loading=\"lazy\" decoding=\"async\" class=\"alignright wp-image-522\" src=\"https:\/\/www.cacauechocolate.com.br\/v1\/wp-content\/uploads\/2019\/10\/coo-5-146x300.jpg\" alt=\"\" width=\"117\" height=\"240\" srcset=\"https:\/\/www.cacauechocolate.com.br\/v1\/wp-content\/uploads\/2019\/10\/coo-5-146x300.jpg 146w, https:\/\/www.cacauechocolate.com.br\/v1\/wp-content\/uploads\/2019\/10\/coo-5.jpg 224w\" sizes=\"(max-width: 117px) 100vw, 117px\" \/>O agricultor Jo\u00e3o Chaves, durante a visita do grupo nas \u00e1reas do munic\u00edpio de Una, expressou sua satisfa\u00e7\u00e3o com o projeto, relatando a import\u00e2ncia das orienta\u00e7\u00f5es, e a assist\u00eancia para preparar as \u00e1reas com mudas de qualidade, e sem usar agrot\u00f3xico.<\/p>\n<p>A execu\u00e7\u00e3o desse projeto trouxe diversas mudan\u00e7as, que impactaram a rotina de atividades cotidianas dos agricultores. O resgate das t\u00e9cnicas agroecol\u00f3gicas que foram anteriormente apresentados por meio das capacita\u00e7\u00f5es, estavam \u201cadormecidos\u201d devido a pr\u00e1tica do modelo convencional de produ\u00e7\u00e3o.<\/p>\n<p>Muitas dessas \u00e1reas, que estavam sendo subutilizadas, ganharam mais vida e dedica\u00e7\u00e3o de trabalho por parte dos agricultores, pois o resgate dessas pr\u00e1ticas agroecol\u00f3gicas com a implanta\u00e7\u00e3o do SAF, proporcionaram grandes melhorias no solo, que \u00e9 a principal base para seu sustento.<\/p>\n<p>Os trabalhos de implanta\u00e7\u00e3o s\u00e3o realizados pelos agricultores locais em parceria com a equipe de Assist\u00eancia T\u00e9cnica e Extens\u00e3o Rural-ATER, e a Cooperast \u00a0com o apoio da\u00a0<a href=\"https:\/\/fundacaocargill.org.br\/\" target=\"_blank\" rel=\"noopener\" data-saferedirecturl=\"https:\/\/www.google.com\/url?q=https:\/\/fundacaocargill.org.br\/&amp;source=gmail&amp;ust=1727371217925000&amp;usg=AOvVaw3XfljAzxsnZJK1RrBUkmAX\">Funda\u00e7\u00e3o Cargill<\/a>\u00a0atrav\u00e9s do projeto \u201cConstruindo o Amanh\u00e3<\/p>\n<p>&nbsp;<\/p>\n<p><img loading=\"lazy\" decoding=\"async\" class=\"aligncenter wp-image-523\" src=\"https:\/\/www.cacauechocolate.com.br\/v1\/wp-content\/uploads\/2019\/10\/coo-2.jpg\" alt=\"\" width=\"350\" height=\"170\" srcset=\"https:\/\/www.cacauechocolate.com.br\/v1\/wp-content\/uploads\/2019\/10\/coo-2.jpg 461w, https:\/\/www.cacauechocolate.com.br\/v1\/wp-content\/uploads\/2019\/10\/coo-2-300x146.jpg 300w\" sizes=\"(max-width: 350px) 100vw, 350px\" \/><\/p>\n<p dir=\"ltr\">Backlink:<\/p>\n<p dir=\"ltr\"><a href=\"https:\/\/fundacaocargill.org.br\/\" target=\"_blank\" rel=\"noopener\" data-saferedirecturl=\"https:\/\/www.google.com\/url?q=https:\/\/fundacaocargill.org.br\/&amp;source=gmail&amp;ust=1727371217925000&amp;usg=AOvVaw3XfljAzxsnZJK1RrBUkmAX\">https:\/\/fundacaocargill.org.<wbr \/>br\/<\/a><\/p>\n","protected":false},"excerpt":{"rendered":"<p>&nbsp; Uma equipe t\u00e9cnica da Cooperativa de Desenvolvimento Territorial \u2013 Cooperast, juntamente com Cesar Neres, e Mirela Teixeira que s\u00e3o analistas de projetos da \u00a0Funda\u00e7\u00e3o Cargill\u00a0 e a analista de sustentabilidade Cintia Oliveira, realizaram visita t\u00e9cnica para acompanhamento da experi\u00eancia de implanta\u00e7\u00e3o de Sistemas Agroflorestais (SAF) em 20 \u00e1reas distribu\u00eddas entre os munic\u00edpios de Una, &hellip;<\/p>\n","protected":false},"author":2,"featured_media":524,"comment_status":"open","ping_status":"open","sticky":false,"template":"","format":"standard","meta":{"footnotes":"","_links_to":"","_links_to_target":""},"categories":[3,1],"tags":[187,188,120,6],"class_list":["post-518","post","type-post","status-publish","format-standard","has-post-thumbnail","hentry","category-destaques","category-geral","tag-cooperativa-de-desenvolvimento-territorial-cooperast","tag-fundacao-cargill","tag-producao-de-cacau","tag-sul-da-bahia"],"views":2658,"_links":{"self":[{"href":"https:\/\/www.cacauechocolate.com.br\/v1\/wp-json\/wp\/v2\/posts\/518"}],"collection":[{"href":"https:\/\/www.cacauechocolate.com.br\/v1\/wp-json\/wp\/v2\/posts"}],"about":[{"href":"https:\/\/www.cacauechocolate.com.br\/v1\/wp-json\/wp\/v2\/types\/post"}],"author":[{"embeddable":true,"href":"https:\/\/www.cacauechocolate.com.br\/v1\/wp-json\/wp\/v2\/users\/2"}],"replies":[{"embeddable":true,"href":"https:\/\/www.cacauechocolate.com.br\/v1\/wp-json\/wp\/v2\/comments?post=518"}],"version-history":[{"count":8,"href":"https:\/\/www.cacauechocolate.com.br\/v1\/wp-json\/wp\/v2\/posts\/518\/revisions"}],"predecessor-version":[{"id":8604,"href":"https:\/\/www.cacauechocolate.com.br\/v1\/wp-json\/wp\/v2\/posts\/518\/revisions\/8604"}],"wp:featuredmedia":[{"embeddable":true,"href":"https:\/\/www.cacauechocolate.com.br\/v1\/wp-json\/wp\/v2\/media\/524"}],"wp:attachment":[{"href":"https:\/\/www.cacauechocolate.com.br\/v1\/wp-json\/wp\/v2\/media?parent=518"}],"wp:term":[{"taxonomy":"category","embeddable":true,"href":"https:\/\/www.cacauechocolate.com.br\/v1\/wp-json\/wp\/v2\/categories?post=518"},{"taxonomy":"post_tag","embeddable":true,"href":"https:\/\/www.cacauechocolate.com.br\/v1\/wp-json\/wp\/v2\/tags?post=518"}],"curies":[{"name":"wp","href":"https:\/\/api.w.org\/{rel}","templated":true}]}}