{"id":539,"date":"2019-10-23T17:22:55","date_gmt":"2019-10-23T20:22:55","guid":{"rendered":"https:\/\/www.cacauechocolate.com.br\/v1\/?p=539"},"modified":"2019-10-24T13:45:17","modified_gmt":"2019-10-24T16:45:17","slug":"cacau-e-chocolate-da-agricultura-familiar-da-bahia-no-mesa-sao-paulo","status":"publish","type":"post","link":"https:\/\/www.cacauechocolate.com.br\/v1\/2019\/10\/23\/cacau-e-chocolate-da-agricultura-familiar-da-bahia-no-mesa-sao-paulo\/","title":{"rendered":"Cacau e chocolate da agricultura familiar da Bahia no Mesa S\u00e3o Paulo"},"content":{"rendered":"<p>A agricultura familiar da Bahia mais uma vez marca presen\u00e7a no Mesa S\u00e3o Paulo, o evento de gastronomia mais importante da Am\u00e9rica Latina, com produtos derivados de licuri, umbu, maracuj\u00e1 do mato, castanha,\u00a0nibs\u00a0de chocolate e caf\u00e9, que ser\u00e3o apresentados por cooperativas baianas de\u00a024 a 27 de outubro, no Memorial da Am\u00e9rica Latina, na capital paulista.<\/p>\n<p>A a\u00e7\u00e3o \u00e9 uma iniciativa da Secretaria de Desenvolvimento Rural (SDR), por meio da Companhia de Desenvolvimento e A\u00e7\u00e3o Regional (CAR), no \u00e2mbito do projeto Bahia Produtiva, que conta com empr\u00e9stimo do Banco Mundial, visando promover mais espa\u00e7os de comercializa\u00e7\u00e3o dos seus produtos das cooperativas.<\/p>\n<div id='gallery-1' class='gallery galleryid-539 gallery-columns-3 gallery-size-thumbnail'><figure class='gallery-item'>\n\t\t\t<div class='gallery-icon landscape'>\n\t\t\t\t<a href='https:\/\/www.cacauechocolate.com.br\/v1\/wp-content\/uploads\/2019\/10\/cacau-mesa-sao-paulo-7.jpg'><img loading=\"lazy\" decoding=\"async\" width=\"150\" height=\"150\" src=\"https:\/\/www.cacauechocolate.com.br\/v1\/wp-content\/uploads\/2019\/10\/cacau-mesa-sao-paulo-7-150x150.jpg\" class=\"attachment-thumbnail size-thumbnail\" alt=\"\" \/><\/a>\n\t\t\t<\/div><\/figure><figure class='gallery-item'>\n\t\t\t<div class='gallery-icon landscape'>\n\t\t\t\t<a href='https:\/\/www.cacauechocolate.com.br\/v1\/wp-content\/uploads\/2019\/10\/cacau-mesa-sao-paulo-1.jpg'><img loading=\"lazy\" decoding=\"async\" width=\"150\" height=\"150\" src=\"https:\/\/www.cacauechocolate.com.br\/v1\/wp-content\/uploads\/2019\/10\/cacau-mesa-sao-paulo-1-150x150.jpg\" class=\"attachment-thumbnail size-thumbnail\" alt=\"\" \/><\/a>\n\t\t\t<\/div><\/figure><figure class='gallery-item'>\n\t\t\t<div class='gallery-icon landscape'>\n\t\t\t\t<a href='https:\/\/www.cacauechocolate.com.br\/v1\/wp-content\/uploads\/2019\/10\/cacau-mesa-sao-paulo-2.jpg'><img loading=\"lazy\" decoding=\"async\" width=\"150\" height=\"150\" src=\"https:\/\/www.cacauechocolate.com.br\/v1\/wp-content\/uploads\/2019\/10\/cacau-mesa-sao-paulo-2-150x150.jpg\" class=\"attachment-thumbnail size-thumbnail\" alt=\"\" \/><\/a>\n\t\t\t<\/div><\/figure><figure class='gallery-item'>\n\t\t\t<div class='gallery-icon landscape'>\n\t\t\t\t<a href='https:\/\/www.cacauechocolate.com.br\/v1\/wp-content\/uploads\/2019\/10\/cacau-mesa-sao-paulo-3.jpeg'><img loading=\"lazy\" decoding=\"async\" width=\"150\" height=\"150\" src=\"https:\/\/www.cacauechocolate.com.br\/v1\/wp-content\/uploads\/2019\/10\/cacau-mesa-sao-paulo-3-150x150.jpeg\" class=\"attachment-thumbnail size-thumbnail\" alt=\"\" \/><\/a>\n\t\t\t<\/div><\/figure><figure class='gallery-item'>\n\t\t\t<div class='gallery-icon landscape'>\n\t\t\t\t<a href='https:\/\/www.cacauechocolate.com.br\/v1\/wp-content\/uploads\/2019\/10\/cacau-mesa-sao-paulo-4.jpeg'><img loading=\"lazy\" decoding=\"async\" width=\"150\" height=\"150\" src=\"https:\/\/www.cacauechocolate.com.br\/v1\/wp-content\/uploads\/2019\/10\/cacau-mesa-sao-paulo-4-150x150.jpeg\" class=\"attachment-thumbnail size-thumbnail\" alt=\"\" \/><\/a>\n\t\t\t<\/div><\/figure><figure class='gallery-item'>\n\t\t\t<div class='gallery-icon landscape'>\n\t\t\t\t<a href='https:\/\/www.cacauechocolate.com.br\/v1\/wp-content\/uploads\/2019\/10\/cacau-mesa-sao-paulo-5.jpeg'><img loading=\"lazy\" decoding=\"async\" width=\"150\" height=\"150\" src=\"https:\/\/www.cacauechocolate.com.br\/v1\/wp-content\/uploads\/2019\/10\/cacau-mesa-sao-paulo-5-150x150.jpeg\" class=\"attachment-thumbnail size-thumbnail\" alt=\"\" \/><\/a>\n\t\t\t<\/div><\/figure><figure class='gallery-item'>\n\t\t\t<div class='gallery-icon landscape'>\n\t\t\t\t<a href='https:\/\/www.cacauechocolate.com.br\/v1\/wp-content\/uploads\/2019\/10\/cacau-mesa-sao-paulo-6.jpg'><img loading=\"lazy\" decoding=\"async\" width=\"150\" height=\"150\" src=\"https:\/\/www.cacauechocolate.com.br\/v1\/wp-content\/uploads\/2019\/10\/cacau-mesa-sao-paulo-6-150x150.jpg\" class=\"attachment-thumbnail size-thumbnail\" alt=\"\" \/><\/a>\n\t\t\t<\/div><\/figure>\n\t\t<\/div>\n\n<p>Neste ano, o Mesa ser\u00e1 uma plataforma de lan\u00e7amento do Terra Madre 2020, que ser\u00e1 realizado em junho, em Salvador, pelo Slow Food Brasil, em parceria com a CAR. O evento, que re\u00fane comunidades do alimento, de acad\u00eamicos, cozinheiros e toda a comunidade do Slow Food, acontece a cada dois anos na It\u00e1lia e ter\u00e1 uma edi\u00e7\u00e3o especial voltada unicamente para o Brasil.<\/p>\n<p>No Mesa S\u00e3o Paulo, as cooperativas da agricultura familiar exp\u00f5em seus produtos no estande localizado no Espa\u00e7o Farofa, organizado pelo Governo da Bahia, por meio da SDR\/CAR em parceria com a Secretaria de Turismo (Setur). No local, os visitantes podem conhecer e degustar saborosos produtos de cinco cooperativas,\u00a0fortalezas do Slow Food, comunidade dos alimentos que preserva os produtos da sociobiodiversidade e comunidades tradicionais.<\/p>\n<p>No evento, participam a\u00a0Cooperativa de Produ\u00e7\u00e3o da Regi\u00e3o do Piemonte da Diamantina (Coopes), Cooperativa de Agropecu\u00e1ria Familiar de Canudos, Uau\u00e1 e Cura\u00e7\u00e1 (Coopercuc), Cooperativa da Cajucultura Familiar do Nordeste da Bahia (Cooperacaju), Cooperativa de Produtores Org\u00e2nicos e Biodin\u00e2micos da Chapada Diamantina\u00a0(Cooperbio), al\u00e9m do\u00a0Assentamento Dois Riach\u00f5es, que possuem investimentos do Bahia Produtiva.<\/p>\n<p><strong>Novos neg\u00f3cios<\/strong><\/p>\n<p>Para o gestor da Cooperbio, Andr\u00e9 Ferreira, a expectativa de participar do Mesa SP \u00e9 de apresentar possibilidades dos caf\u00e9s especiais e org\u00e2nico para a gastronomia do Brasil: \u201cHoje trabalhamos com\u00a0chefs\u00a0de cozinha que se misturam com en\u00f3logos e apresentam bons vinhos. Queremos mostrar que um bom caf\u00e9 pode fazer parte de um card\u00e1pio de um bom restaurante e tamb\u00e9m fazer parte da mesa do dia a dia da pessoa, que consome caf\u00e9 no seu cotidiano. Nossa expectativa \u00e9 fazer contatos\u00a0 que nos possibilitem trabalhar e conversar sobre isso.\u00a0 Desmitificar que o caf\u00e9 especial \u00e9 para poucos e trazer as possibilidades para o consumo da fam\u00edlia. Fazer bons relacionamentos e compreender um pouco como esse universo est\u00e1 se relacionando com o caf\u00e9\u201d.<\/p>\n<p>Para a representante do Assentamento Dois Riachoes, \u00a0localizado em ibirapitanga, Elismari Silva de Oliveira, participar pelo segundo ano do evento \u00e9 gratificante, pois \u00e9 poss\u00edvel \u00a0se relacionar com outros agricultores e outras fortalezas do Slow Food: \u201cUma oportunidade de\u00a0 apresentar o nosso produto e fazer essa rela\u00e7\u00e3o com os consumidores, com o mercado comercial, informar de que forma ele \u00e9 produzido, que \u00e9 alimento bom, alimento limpo e justo, produzido de forma agroecol\u00f3gica, respeitando os princ\u00edpios da natureza.\u00a0 A nossa expectativa \u00e9 muito grande, porque nesse evento a gente consegue vivenciar e fazer essa troca de saberes e sabores\u00a0 e partilhar da\u00a0 nossa produ\u00e7\u00e3o e de outros agricultores\u201d.<\/p>\n<p>J\u00e1 no Congresso Tend\u00eancias, ser\u00e3o realizadas aulas de\u00a0chefs\u00a0baianos e personalidades, como Carlo Petrini e Bela Gil, promovendo as inciativas em comum e em parceria do Governo da Bahia e do Slow Food Brasil, que ir\u00e3o realizar o Terra Madre Brasil.<\/p>\n","protected":false},"excerpt":{"rendered":"<p>A agricultura familiar da Bahia mais uma vez marca presen\u00e7a no Mesa S\u00e3o Paulo, o evento de gastronomia mais importante da Am\u00e9rica Latina, com produtos derivados de licuri, umbu, maracuj\u00e1 do mato, castanha,\u00a0nibs\u00a0de chocolate e caf\u00e9, que ser\u00e3o apresentados por cooperativas baianas de\u00a024 a 27 de outubro, no Memorial da Am\u00e9rica Latina, na capital paulista. &hellip;<\/p>\n","protected":false},"author":2,"featured_media":549,"comment_status":"open","ping_status":"open","sticky":false,"template":"","format":"standard","meta":{"footnotes":"","_links_to":"","_links_to_target":""},"categories":[3,1],"tags":[36,11,7,8,197],"class_list":["post-539","post","type-post","status-publish","format-standard","has-post-thumbnail","hentry","category-destaques","category-geral","tag-agricultura-familiar","tag-bahia","tag-cacau","tag-chocolate","tag-mesa-sao-paulo"],"views":2052,"_links":{"self":[{"href":"https:\/\/www.cacauechocolate.com.br\/v1\/wp-json\/wp\/v2\/posts\/539"}],"collection":[{"href":"https:\/\/www.cacauechocolate.com.br\/v1\/wp-json\/wp\/v2\/posts"}],"about":[{"href":"https:\/\/www.cacauechocolate.com.br\/v1\/wp-json\/wp\/v2\/types\/post"}],"author":[{"embeddable":true,"href":"https:\/\/www.cacauechocolate.com.br\/v1\/wp-json\/wp\/v2\/users\/2"}],"replies":[{"embeddable":true,"href":"https:\/\/www.cacauechocolate.com.br\/v1\/wp-json\/wp\/v2\/comments?post=539"}],"version-history":[{"count":3,"href":"https:\/\/www.cacauechocolate.com.br\/v1\/wp-json\/wp\/v2\/posts\/539\/revisions"}],"predecessor-version":[{"id":556,"href":"https:\/\/www.cacauechocolate.com.br\/v1\/wp-json\/wp\/v2\/posts\/539\/revisions\/556"}],"wp:featuredmedia":[{"embeddable":true,"href":"https:\/\/www.cacauechocolate.com.br\/v1\/wp-json\/wp\/v2\/media\/549"}],"wp:attachment":[{"href":"https:\/\/www.cacauechocolate.com.br\/v1\/wp-json\/wp\/v2\/media?parent=539"}],"wp:term":[{"taxonomy":"category","embeddable":true,"href":"https:\/\/www.cacauechocolate.com.br\/v1\/wp-json\/wp\/v2\/categories?post=539"},{"taxonomy":"post_tag","embeddable":true,"href":"https:\/\/www.cacauechocolate.com.br\/v1\/wp-json\/wp\/v2\/tags?post=539"}],"curies":[{"name":"wp","href":"https:\/\/api.w.org\/{rel}","templated":true}]}}