{"id":5483,"date":"2023-09-04T09:13:47","date_gmt":"2023-09-04T12:13:47","guid":{"rendered":"https:\/\/www.cacauechocolate.com.br\/v1\/?p=5483"},"modified":"2023-09-04T08:44:26","modified_gmt":"2023-09-04T11:44:26","slug":"producao-de-cacau-premium-e-chocolates-de-origem-aquecem-economia-sulbaiana","status":"publish","type":"post","link":"https:\/\/www.cacauechocolate.com.br\/v1\/2023\/09\/04\/producao-de-cacau-premium-e-chocolates-de-origem-aquecem-economia-sulbaiana\/","title":{"rendered":"Produ\u00e7\u00e3o de cacau premium e chocolates de origem aquecem economia sulbaiana"},"content":{"rendered":"<p>A terceira reportagem da s\u00e9rie especial da exibida no programa Bahia Meio Dia da TV Santa Cruz, afiliada da Rede Globo no Sul da Bahia, mostra como a expans\u00e3o da lavoura cacaueira tem impactos positivos da economia regional.<\/p>\n<p><img loading=\"lazy\" decoding=\"async\" class=\"aligncenter wp-image-5492\" src=\"https:\/\/www.cacauechocolate.com.br\/v1\/wp-content\/uploads\/2023\/09\/sata-cruz-choc-2.jpg\" alt=\"\" width=\"397\" height=\"234\" srcset=\"https:\/\/www.cacauechocolate.com.br\/v1\/wp-content\/uploads\/2023\/09\/sata-cruz-choc-2.jpg 765w, https:\/\/www.cacauechocolate.com.br\/v1\/wp-content\/uploads\/2023\/09\/sata-cruz-choc-2-300x177.jpg 300w\" sizes=\"(max-width: 397px) 100vw, 397px\" \/><\/p>\n<p>Al\u00e9m dos avan\u00e7os na produ\u00e7\u00e3o de cacau premium, o incentivo \u00e0 inova\u00e7\u00e3o e o acesso a novas tecnologias, a reportagem mostra como o Chocolat Festival, maior evento do g\u00eanero na Am\u00e9ricaa Latina, impulsionou a produ\u00e7\u00e3o de chocolates de origem no Sul da Bahia.<\/p>\n<p><img loading=\"lazy\" decoding=\"async\" class=\"aligncenter wp-image-5491\" src=\"https:\/\/www.cacauechocolate.com.br\/v1\/wp-content\/uploads\/2023\/09\/sata-cruz-choc-6.jpg\" alt=\"\" width=\"422\" height=\"232\" srcset=\"https:\/\/www.cacauechocolate.com.br\/v1\/wp-content\/uploads\/2023\/09\/sata-cruz-choc-6.jpg 765w, https:\/\/www.cacauechocolate.com.br\/v1\/wp-content\/uploads\/2023\/09\/sata-cruz-choc-6-300x165.jpg 300w\" sizes=\"(max-width: 422px) 100vw, 422px\" \/><\/p>\n<p>Veja a reportagem de Andreza Benevides, com imagens de Adilson Padre.<\/p>\n<p><iframe loading=\"lazy\" title=\"TV Santa Cruz Cacau e Economia\" src=\"https:\/\/www.youtube.com\/embed\/mUyL9dFjwU0\" width=\"560\" height=\"315\" frameborder=\"0\" allowfullscreen=\"allowfullscreen\"><\/iframe><\/p>\n<p>&nbsp;<\/p>\n<p><img loading=\"lazy\" decoding=\"async\" class=\"aligncenter wp-image-5493\" src=\"https:\/\/www.cacauechocolate.com.br\/v1\/wp-content\/uploads\/2023\/09\/sata-cruz-choc-1.jpg\" alt=\"\" width=\"362\" height=\"198\" srcset=\"https:\/\/www.cacauechocolate.com.br\/v1\/wp-content\/uploads\/2023\/09\/sata-cruz-choc-1.jpg 765w, https:\/\/www.cacauechocolate.com.br\/v1\/wp-content\/uploads\/2023\/09\/sata-cruz-choc-1-300x164.jpg 300w\" sizes=\"(max-width: 362px) 100vw, 362px\" \/><\/p>\n<p><img loading=\"lazy\" decoding=\"async\" class=\"aligncenter wp-image-5496\" src=\"https:\/\/www.cacauechocolate.com.br\/v1\/wp-content\/uploads\/2023\/09\/sata-cruz-choc-4.jpg\" alt=\"\" width=\"361\" height=\"197\" srcset=\"https:\/\/www.cacauechocolate.com.br\/v1\/wp-content\/uploads\/2023\/09\/sata-cruz-choc-4.jpg 765w, https:\/\/www.cacauechocolate.com.br\/v1\/wp-content\/uploads\/2023\/09\/sata-cruz-choc-4-300x164.jpg 300w\" sizes=\"(max-width: 361px) 100vw, 361px\" \/><\/p>\n","protected":false},"excerpt":{"rendered":"<p>A terceira reportagem da s\u00e9rie especial da exibida no programa Bahia Meio Dia da TV Santa Cruz, afiliada da Rede Globo no Sul da Bahia, mostra como a expans\u00e3o da lavoura cacaueira tem impactos positivos da economia regional. Al\u00e9m dos avan\u00e7os na produ\u00e7\u00e3o de cacau premium, o incentivo \u00e0 inova\u00e7\u00e3o e o acesso a novas &hellip;<\/p>\n","protected":false},"author":2,"featured_media":5497,"comment_status":"open","ping_status":"open","sticky":false,"template":"","format":"standard","meta":{"footnotes":"","_links_to":"","_links_to_target":""},"categories":[3,1],"tags":[7,41,8,871,65,6,1254],"class_list":["post-5483","post","type-post","status-publish","format-standard","has-post-thumbnail","hentry","category-destaques","category-geral","tag-cacau","tag-chocolat-festival","tag-chocolate","tag-dengo","tag-marco-lessa","tag-sul-da-bahia","tag-tv-santa-cruz"],"views":1557,"_links":{"self":[{"href":"https:\/\/www.cacauechocolate.com.br\/v1\/wp-json\/wp\/v2\/posts\/5483"}],"collection":[{"href":"https:\/\/www.cacauechocolate.com.br\/v1\/wp-json\/wp\/v2\/posts"}],"about":[{"href":"https:\/\/www.cacauechocolate.com.br\/v1\/wp-json\/wp\/v2\/types\/post"}],"author":[{"embeddable":true,"href":"https:\/\/www.cacauechocolate.com.br\/v1\/wp-json\/wp\/v2\/users\/2"}],"replies":[{"embeddable":true,"href":"https:\/\/www.cacauechocolate.com.br\/v1\/wp-json\/wp\/v2\/comments?post=5483"}],"version-history":[{"count":3,"href":"https:\/\/www.cacauechocolate.com.br\/v1\/wp-json\/wp\/v2\/posts\/5483\/revisions"}],"predecessor-version":[{"id":5490,"href":"https:\/\/www.cacauechocolate.com.br\/v1\/wp-json\/wp\/v2\/posts\/5483\/revisions\/5490"}],"wp:featuredmedia":[{"embeddable":true,"href":"https:\/\/www.cacauechocolate.com.br\/v1\/wp-json\/wp\/v2\/media\/5497"}],"wp:attachment":[{"href":"https:\/\/www.cacauechocolate.com.br\/v1\/wp-json\/wp\/v2\/media?parent=5483"}],"wp:term":[{"taxonomy":"category","embeddable":true,"href":"https:\/\/www.cacauechocolate.com.br\/v1\/wp-json\/wp\/v2\/categories?post=5483"},{"taxonomy":"post_tag","embeddable":true,"href":"https:\/\/www.cacauechocolate.com.br\/v1\/wp-json\/wp\/v2\/tags?post=5483"}],"curies":[{"name":"wp","href":"https:\/\/api.w.org\/{rel}","templated":true}]}}