{"id":5875,"date":"2023-11-15T12:25:14","date_gmt":"2023-11-15T15:25:14","guid":{"rendered":"https:\/\/www.cacauechocolate.com.br\/v1\/?p=5875"},"modified":"2023-11-15T14:56:52","modified_gmt":"2023-11-15T17:56:52","slug":"14a-feira-da-agricultura-familiar-e-lancada-em-salvador-apresentando-novos-produtos-saberes-e-sabores","status":"publish","type":"post","link":"https:\/\/www.cacauechocolate.com.br\/v1\/2023\/11\/15\/14a-feira-da-agricultura-familiar-e-lancada-em-salvador-apresentando-novos-produtos-saberes-e-sabores\/","title":{"rendered":"14\u00aa Feira da Agricultura Familiar \u00e9 lan\u00e7ada em Salvador apresentando novos produtos, saberes e sabores"},"content":{"rendered":"<p>A 14\u00aa Feira da Agricultura Familiar foi oficialmente lan\u00e7ada em coquetel realizado nesta ter\u00e7a-feira, dia 14, no Emp\u00f3rio do Rio Vermelho, a boutique da agricultura familiar na capital baiana. A cerim\u00f4nia contou com a presen\u00e7a do vice-governador, Geraldo Junior, e do anfitri\u00e3o do evento, secret\u00e1rio de Desenvolvimento Rural, Osni Cardoso.<\/p>\n<p><img loading=\"lazy\" decoding=\"async\" class=\"aligncenter wp-image-5876\" src=\"https:\/\/www.cacauechocolate.com.br\/v1\/wp-content\/uploads\/2023\/11\/ffeira-2.jpg\" alt=\"\" width=\"437\" height=\"291\" srcset=\"https:\/\/www.cacauechocolate.com.br\/v1\/wp-content\/uploads\/2023\/11\/ffeira-2.jpg 640w, https:\/\/www.cacauechocolate.com.br\/v1\/wp-content\/uploads\/2023\/11\/ffeira-2-300x200.jpg 300w\" sizes=\"(max-width: 437px) 100vw, 437px\" \/><\/p>\n<p>Consolidada no calend\u00e1rio baiano, a FEBAFES tem como prop\u00f3sito mostrar \u00e0 sociedade os resultados dos investimentos do Governo do Estado e a produ\u00e7\u00e3o proveniente da agricultura familiar e economia solid\u00e1ria na Bahia, principalmente por meio das pol\u00edticas conduzidas pela Secretaria de Desenvolvimento Rural (SDR). A feira \u00e9 composta por empreendimentos coletivos ou individuais, pertencentes a agricultores familiares, assentados de programas de reforma agr\u00e1ria, povos e comunidades tradicionais, e economia solid\u00e1ria, presentes nos 27 Territ\u00f3rios de Identidade do estado da Bahia.<\/p>\n<p>Um destaque in\u00e9dito deste ano \u00e9 a parceria com o Governo Federal, que possibilitou a instala\u00e7\u00e3o da Tenda Brasil. Pela primeira vez, o Estado receber\u00e1 essa estrutura, onde produtos de 32 empreendimentos de diversas regi\u00f5es do pa\u00eds ser\u00e3o expostos e comercializados. A Tenda Brasil \u00e9 resultado de um acordo de coopera\u00e7\u00e3o recentemente firmado entre o Minist\u00e9rio de Desenvolvimento Agr\u00e1rio e Agricultura Familiar e o Governo da Bahia.<\/p>\n<p><img loading=\"lazy\" decoding=\"async\" class=\"aligncenter wp-image-5878\" src=\"https:\/\/www.cacauechocolate.com.br\/v1\/wp-content\/uploads\/2023\/11\/ffeira-3.jpg\" alt=\"\" width=\"384\" height=\"248\" srcset=\"https:\/\/www.cacauechocolate.com.br\/v1\/wp-content\/uploads\/2023\/11\/ffeira-3.jpg 640w, https:\/\/www.cacauechocolate.com.br\/v1\/wp-content\/uploads\/2023\/11\/ffeira-3-300x194.jpg 300w\" sizes=\"(max-width: 384px) 100vw, 384px\" \/><\/p>\n<p>\u201cA feira desse ano ela est\u00e1 maior e com um maior n\u00famero de lan\u00e7amento de produtos. Isso \u00e9 o resultado dos investimentos e o reconhecimento do Estado da Bahia como uma refer\u00eancia em pol\u00edticas de desenvolvimento rural. O nosso governador Jer\u00f4nimo, o nosso ministro do MDA, Paulo Teixeira, o presidente Lula s\u00e3o entusiastas e defensores da agricultura familiar e o resultado dessa uni\u00e3o \u00e9 o fortalecimento do campo\u201d, refor\u00e7ou o secret\u00e1rio Osni Cardoso.<\/p>\n<p><img loading=\"lazy\" decoding=\"async\" class=\"aligncenter wp-image-5881\" src=\"https:\/\/www.cacauechocolate.com.br\/v1\/wp-content\/uploads\/2023\/11\/fffeira-2.jpg\" alt=\"\" width=\"381\" height=\"254\" srcset=\"https:\/\/www.cacauechocolate.com.br\/v1\/wp-content\/uploads\/2023\/11\/fffeira-2.jpg 640w, https:\/\/www.cacauechocolate.com.br\/v1\/wp-content\/uploads\/2023\/11\/fffeira-2-300x200.jpg 300w\" sizes=\"(max-width: 381px) 100vw, 381px\" \/><\/p>\n<p>Al\u00e9m disso, a feira apresenta novos espa\u00e7os, como a Tenda da Economia Solid\u00e1ria, 1\u00aa Feira Agroecol\u00f3gica da Bahia e um ambiente climatizado para a venda de chocolates e produtos org\u00e2nicos e in natura. O vice-governador do Estado, Geraldo J\u00fanior, falou sobre a expectativa para essa que ser\u00e1 a maior edi\u00e7\u00e3o da FEBAFES. \u201cAqui est\u00e1 um exemplo de como o setor produtivo \u00e9 importante. A agricultura familiar merece o nosso respeito. Atrav\u00e9s de seus produtos, das trocas de experi\u00eancias, da descoberta de talentos, da coopera\u00e7\u00e3o e da economia solid\u00e1ria, podemos desenvolver os 27 territ\u00f3rios de identidade da Bahia\u201d.<\/p>\n<p><img loading=\"lazy\" decoding=\"async\" class=\"aligncenter wp-image-5879\" src=\"https:\/\/www.cacauechocolate.com.br\/v1\/wp-content\/uploads\/2023\/11\/ffeira-4.jpg\" alt=\"\" width=\"346\" height=\"231\" srcset=\"https:\/\/www.cacauechocolate.com.br\/v1\/wp-content\/uploads\/2023\/11\/ffeira-4.jpg 640w, https:\/\/www.cacauechocolate.com.br\/v1\/wp-content\/uploads\/2023\/11\/ffeira-4-300x200.jpg 300w\" sizes=\"(max-width: 346px) 100vw, 346px\" \/><\/p>\n<p>Pela primeira vez, o evento apresentar\u00e1 o Encontro da Juventude Rural, reunindo 200 jovens para discutir a sucess\u00e3o rural. O Grupo de Mulheres da SDR, institucionalizado em mar\u00e7o de 2023, promover\u00e1 o 8\u00ba Encontro Estadual de Mulheres Rurais, explorando o tema &#8220;Mulheres Rurais e Representa\u00e7\u00e3o Pol\u00edtica em Busca do Bem Viver&#8221;.<\/p>\n<p>No \u00e2mbito da pesquisa, destaca-se o VII Simp\u00f3sio de Pesquisas e Experi\u00eancias em Agricultura Familiar, proporcionando um espa\u00e7o valioso para a troca de conhecimentos e inova\u00e7\u00f5es. Este evento consolida-se como uma plataforma vital para o progresso e aprimoramento da agricultura familiar, conectando pesquisadores e praticantes para impulsionar o desenvolvimento Rural.<\/p>\n<p><img loading=\"lazy\" decoding=\"async\" class=\"aligncenter wp-image-5877\" src=\"https:\/\/www.cacauechocolate.com.br\/v1\/wp-content\/uploads\/2023\/11\/ffeira-1.jpg\" alt=\"\" width=\"405\" height=\"270\" srcset=\"https:\/\/www.cacauechocolate.com.br\/v1\/wp-content\/uploads\/2023\/11\/ffeira-1.jpg 640w, https:\/\/www.cacauechocolate.com.br\/v1\/wp-content\/uploads\/2023\/11\/ffeira-1-300x200.jpg 300w\" sizes=\"(max-width: 405px) 100vw, 405px\" \/><\/p>\n<p>Para \u00cdcaro Renn\u00ea, a Feira tem grande import\u00e2ncia para os agricultores, cooperativas e associa\u00e7\u00f5es porque traz uma oportunidade de comercializa\u00e7\u00e3o em grande escala, servindo de vitrine da agricultura familiar. \u201cOutra quest\u00e3o da nossa feira \u00e9 os lan\u00e7amentos de novos produtos. Este ano, por exemplo, teremos a cerveja de caj\u00e1, o iogurte de pinha e de maracuj\u00e1, dentre diversos outros produtos, al\u00e9m de queijos, queijos de cabra finos. Nessa feira, teremos uma variedade de produtos maior do que todos os outros anos, com a beleza e sabor do interior\u201d.<\/p>\n<p><img loading=\"lazy\" decoding=\"async\" class=\"aligncenter wp-image-5880\" src=\"https:\/\/www.cacauechocolate.com.br\/v1\/wp-content\/uploads\/2023\/11\/feira.jpg\" alt=\"\" width=\"383\" height=\"255\" srcset=\"https:\/\/www.cacauechocolate.com.br\/v1\/wp-content\/uploads\/2023\/11\/feira.jpg 640w, https:\/\/www.cacauechocolate.com.br\/v1\/wp-content\/uploads\/2023\/11\/feira-300x200.jpg 300w\" sizes=\"(max-width: 383px) 100vw, 383px\" \/><\/p>\n<p>A 14\u00aa Feira Baiana da Agricultura Familiar e Economia Solid\u00e1ria \u00e9 um evento realizado pela SDR, por meio da Superintend\u00eancia de Agricultura Familiar (SUAF) e da Companhia de Desenvolvimento e A\u00e7\u00e3o Regional (CAR), em parceria com a Federa\u00e7\u00e3o das Cooperativas da Agricultura Familiar do Estado da Bahia (Federa\u00e7\u00e3o Unicafes-BA).<\/p>\n<div class=\"yj6qo\"><\/div>\n","protected":false},"excerpt":{"rendered":"<p>A 14\u00aa Feira da Agricultura Familiar foi oficialmente lan\u00e7ada em coquetel realizado nesta ter\u00e7a-feira, dia 14, no Emp\u00f3rio do Rio Vermelho, a boutique da agricultura familiar na capital baiana. A cerim\u00f4nia contou com a presen\u00e7a do vice-governador, Geraldo Junior, e do anfitri\u00e3o do evento, secret\u00e1rio de Desenvolvimento Rural, Osni Cardoso. Consolidada no calend\u00e1rio baiano, a &hellip;<\/p>\n","protected":false},"author":2,"featured_media":5882,"comment_status":"open","ping_status":"open","sticky":false,"template":"","format":"standard","meta":{"footnotes":"","_links_to":"","_links_to_target":""},"categories":[1],"tags":[1350,11],"class_list":["post-5875","post","type-post","status-publish","format-standard","has-post-thumbnail","hentry","category-geral","tag-14a-feira-da-agricultura-familiar","tag-bahia"],"views":728,"_links":{"self":[{"href":"https:\/\/www.cacauechocolate.com.br\/v1\/wp-json\/wp\/v2\/posts\/5875"}],"collection":[{"href":"https:\/\/www.cacauechocolate.com.br\/v1\/wp-json\/wp\/v2\/posts"}],"about":[{"href":"https:\/\/www.cacauechocolate.com.br\/v1\/wp-json\/wp\/v2\/types\/post"}],"author":[{"embeddable":true,"href":"https:\/\/www.cacauechocolate.com.br\/v1\/wp-json\/wp\/v2\/users\/2"}],"replies":[{"embeddable":true,"href":"https:\/\/www.cacauechocolate.com.br\/v1\/wp-json\/wp\/v2\/comments?post=5875"}],"version-history":[{"count":1,"href":"https:\/\/www.cacauechocolate.com.br\/v1\/wp-json\/wp\/v2\/posts\/5875\/revisions"}],"predecessor-version":[{"id":5883,"href":"https:\/\/www.cacauechocolate.com.br\/v1\/wp-json\/wp\/v2\/posts\/5875\/revisions\/5883"}],"wp:featuredmedia":[{"embeddable":true,"href":"https:\/\/www.cacauechocolate.com.br\/v1\/wp-json\/wp\/v2\/media\/5882"}],"wp:attachment":[{"href":"https:\/\/www.cacauechocolate.com.br\/v1\/wp-json\/wp\/v2\/media?parent=5875"}],"wp:term":[{"taxonomy":"category","embeddable":true,"href":"https:\/\/www.cacauechocolate.com.br\/v1\/wp-json\/wp\/v2\/categories?post=5875"},{"taxonomy":"post_tag","embeddable":true,"href":"https:\/\/www.cacauechocolate.com.br\/v1\/wp-json\/wp\/v2\/tags?post=5875"}],"curies":[{"name":"wp","href":"https:\/\/api.w.org\/{rel}","templated":true}]}}