{"id":5991,"date":"2023-12-04T08:37:00","date_gmt":"2023-12-04T11:37:00","guid":{"rendered":"https:\/\/www.cacauechocolate.com.br\/v1\/?p=5991"},"modified":"2023-12-04T09:23:59","modified_gmt":"2023-12-04T12:23:59","slug":"festival-gastronomico-sabores-de-itacare-destaca-essencias-do-sul-da-bahia","status":"publish","type":"post","link":"https:\/\/www.cacauechocolate.com.br\/v1\/2023\/12\/04\/festival-gastronomico-sabores-de-itacare-destaca-essencias-do-sul-da-bahia\/","title":{"rendered":"Festival Gastron\u00f4mico Sabores de Itacar\u00e9 destaca ess\u00eancias do Sul da Bahia"},"content":{"rendered":"<p>&nbsp;<\/p>\n<p>&nbsp;<\/p>\n<p>Ess\u00eancia \u00e9 a express\u00e3o da alma. E esse \u00e9 o significado de toda a representatividade do 10\u00b0 Festival Gastron\u00f4mico Sabores de Itacar\u00e9, que durante tr\u00eas dias recebeu chefs, pessoas e m\u00fasicos, fomentou a economia e o empreendedorismo; apresentou as potencialidades culin\u00e1rias e criatividade dos itacareenses, numa edi\u00e7\u00e3o muito especial.<\/p>\n<p><img loading=\"lazy\" decoding=\"async\" class=\"aligncenter wp-image-5993\" src=\"https:\/\/www.cacauechocolate.com.br\/v1\/wp-content\/uploads\/2023\/12\/gastro-itac-7.jpg\" alt=\"\" width=\"425\" height=\"239\" srcset=\"https:\/\/www.cacauechocolate.com.br\/v1\/wp-content\/uploads\/2023\/12\/gastro-itac-7.jpg 640w, https:\/\/www.cacauechocolate.com.br\/v1\/wp-content\/uploads\/2023\/12\/gastro-itac-7-300x169.jpg 300w, https:\/\/www.cacauechocolate.com.br\/v1\/wp-content\/uploads\/2023\/12\/gastro-itac-7-390x220.jpg 390w\" sizes=\"(max-width: 425px) 100vw, 425px\" \/><\/p>\n<p>Com pratos incr\u00edveis, diversos e inconfund\u00edveis em sabores, cores, cultura, saberes e sentidos, que colocam Itacar\u00e9 no palco nacional da gastronomia. A primeira noite inciou com um grande arrast\u00e3o cultural com o grupo percurssivo Dedo de Mo\u00e7a e a expressividade de luta por igualdade e respeito \u00e0s mulheres, com o Instituto Mulheres Que Cuidam, levando a bandeira de combate ao ass\u00e9dio feminino.<\/p>\n<p><img loading=\"lazy\" decoding=\"async\" class=\"aligncenter wp-image-5994\" src=\"https:\/\/www.cacauechocolate.com.br\/v1\/wp-content\/uploads\/2023\/12\/sabores-5.jpg\" alt=\"\" width=\"444\" height=\"250\" srcset=\"https:\/\/www.cacauechocolate.com.br\/v1\/wp-content\/uploads\/2023\/12\/sabores-5.jpg 576w, https:\/\/www.cacauechocolate.com.br\/v1\/wp-content\/uploads\/2023\/12\/sabores-5-300x169.jpg 300w, https:\/\/www.cacauechocolate.com.br\/v1\/wp-content\/uploads\/2023\/12\/sabores-5-390x220.jpg 390w\" sizes=\"(max-width: 444px) 100vw, 444px\" \/><\/p>\n<p>J\u00e1 no primeiro dia a gastronomia mais uma vez mostrou porque \u00e9 um dos aditivos mais importantes de Itacar\u00e9. Nos stands montados na Pra\u00e7a S\u00e3o Miguel e com as aulas shows das Chefs Marly Catarina (Caf\u00e9 com Cacau) e Morena Leite (Capim Santo), o p\u00fablico j\u00e1 p\u00f4de sentir experi\u00eancias gastron\u00f4micas maravilhosas.<\/p>\n<p><img loading=\"lazy\" decoding=\"async\" class=\"aligncenter wp-image-5995\" src=\"https:\/\/www.cacauechocolate.com.br\/v1\/wp-content\/uploads\/2023\/12\/gastro-itac-3.jpg\" alt=\"\" width=\"389\" height=\"292\" srcset=\"https:\/\/www.cacauechocolate.com.br\/v1\/wp-content\/uploads\/2023\/12\/gastro-itac-3.jpg 482w, https:\/\/www.cacauechocolate.com.br\/v1\/wp-content\/uploads\/2023\/12\/gastro-itac-3-300x225.jpg 300w\" sizes=\"(max-width: 389px) 100vw, 389px\" \/><\/p>\n<p>No segundo dia, logo durante manh\u00e3, uma inova\u00e7\u00e3o, o p\u00fablico pode vivenciar uma experi\u00eancia \u00e0 bordo do O Bar.co, numa viagem mar\u00edtima gastron\u00f4mica no mar, com o chef Lelo. Dita por quem participou, como indescrit\u00edve, surpreendente.<\/p>\n<p><img loading=\"lazy\" decoding=\"async\" class=\"aligncenter size-full wp-image-5996\" src=\"https:\/\/www.cacauechocolate.com.br\/v1\/wp-content\/uploads\/2023\/12\/gastro-itac-2.jpg\" alt=\"\" width=\"432\" height=\"243\" srcset=\"https:\/\/www.cacauechocolate.com.br\/v1\/wp-content\/uploads\/2023\/12\/gastro-itac-2.jpg 432w, https:\/\/www.cacauechocolate.com.br\/v1\/wp-content\/uploads\/2023\/12\/gastro-itac-2-300x169.jpg 300w, https:\/\/www.cacauechocolate.com.br\/v1\/wp-content\/uploads\/2023\/12\/gastro-itac-2-390x220.jpg 390w\" sizes=\"(max-width: 432px) 100vw, 432px\" \/><\/p>\n<p>Na tarde e noite da sexta-feira (01), o festival recebeu na pra\u00e7a S\u00e3o Miguel, Chefs na Cozinha Show com aulas de Z\u00e9 Carmo, Rodrigo Ribeiro, Heytor e Isamara, Thi\u00e1ra Novaes e Ieda Matos, as manifesta\u00e7\u00f5es culturais, Xaranga de maestro Billy Smith, Cortejo das Baianas, e dois grandes shows das bandas Kasa 8 e Filhos de Jorge.<\/p>\n<p><img loading=\"lazy\" decoding=\"async\" class=\"aligncenter wp-image-5997\" src=\"https:\/\/www.cacauechocolate.com.br\/v1\/wp-content\/uploads\/2023\/12\/gastro-itac-8.jpg\" alt=\"\" width=\"456\" height=\"257\" srcset=\"https:\/\/www.cacauechocolate.com.br\/v1\/wp-content\/uploads\/2023\/12\/gastro-itac-8.jpg 640w, https:\/\/www.cacauechocolate.com.br\/v1\/wp-content\/uploads\/2023\/12\/gastro-itac-8-300x169.jpg 300w, https:\/\/www.cacauechocolate.com.br\/v1\/wp-content\/uploads\/2023\/12\/gastro-itac-8-390x220.jpg 390w\" sizes=\"(max-width: 456px) 100vw, 456px\" \/><\/p>\n<p>No s\u00e1bado, \u00e0s 17h, aula show kids com Palha\u00e7o Shampoo, aulas show com os chef&#8217;s Arthur Fraga, Leleco, Lelo, Rafael Morente e Nena, a m\u00fasica ficou por conta de Ronara Criola, Samba de Oy\u00e1 e Marcelinho do Samba em comemora\u00e7\u00e3o ao dia do Samba.<\/p>\n<p><img loading=\"lazy\" decoding=\"async\" class=\"aligncenter wp-image-5998\" src=\"https:\/\/www.cacauechocolate.com.br\/v1\/wp-content\/uploads\/2023\/12\/gastro-itac-1.jpg\" alt=\"\" width=\"380\" height=\"214\" srcset=\"https:\/\/www.cacauechocolate.com.br\/v1\/wp-content\/uploads\/2023\/12\/gastro-itac-1.jpg 512w, https:\/\/www.cacauechocolate.com.br\/v1\/wp-content\/uploads\/2023\/12\/gastro-itac-1-300x169.jpg 300w, https:\/\/www.cacauechocolate.com.br\/v1\/wp-content\/uploads\/2023\/12\/gastro-itac-1-390x220.jpg 390w\" sizes=\"(max-width: 380px) 100vw, 380px\" \/><\/p>\n<p>O evento mobilizou os restaurantes da cidade, que montaram card\u00e1pios especiais para o final de semana. \u201c\u00c9 uma edi\u00e7\u00e3o especial, porque o Instituto Capim Santo assumiu a curadoria, e vamos receber a chef Morena Leite\u201d, ressaltou o Secret\u00e1rio de Turismo e Cultura Marcos Japu.<br \/>\n<img loading=\"lazy\" decoding=\"async\" class=\"aligncenter wp-image-5999\" src=\"https:\/\/www.cacauechocolate.com.br\/v1\/wp-content\/uploads\/2023\/12\/sabores-2.jpg\" alt=\"\" width=\"371\" height=\"278\" srcset=\"https:\/\/www.cacauechocolate.com.br\/v1\/wp-content\/uploads\/2023\/12\/sabores-2.jpg 576w, https:\/\/www.cacauechocolate.com.br\/v1\/wp-content\/uploads\/2023\/12\/sabores-2-300x225.jpg 300w\" sizes=\"(max-width: 371px) 100vw, 371px\" \/><\/p>\n<p>Nascida em S\u00e3o Paulo, Morena Leite \u00e9 formada na tradicional escola Le Cordon Bleu e ganhou notoriedade utilizando t\u00e9cnicas da cozinha francesa para valorizar ingredientes brasileiros. Ela comanda o Grupo Capim Santo, que teve seu primeiro restaurante fundado em 1985, em Trancoso, distrito de Porto Seguro, por Nando Leite e Sandra Marques, pais da chef.<\/p>\n<p><img loading=\"lazy\" decoding=\"async\" class=\"aligncenter wp-image-6000\" src=\"https:\/\/www.cacauechocolate.com.br\/v1\/wp-content\/uploads\/2023\/12\/sabores-1.jpg\" alt=\"\" width=\"400\" height=\"300\" srcset=\"https:\/\/www.cacauechocolate.com.br\/v1\/wp-content\/uploads\/2023\/12\/sabores-1.jpg 576w, https:\/\/www.cacauechocolate.com.br\/v1\/wp-content\/uploads\/2023\/12\/sabores-1-300x225.jpg 300w\" sizes=\"(max-width: 400px) 100vw, 400px\" \/><\/p>\n<p>A realiza\u00e7\u00e3o do festival \u00e9 da Prefeitura de Itacar\u00e9, atrav\u00e9s da Secretaria de Turismo e Cultura, com Curadoria do\u00a0 Instituto Capim Santo e patroc\u00ednio- Governo do Estado da Bahia, Setur-BA, Sufotur, SPM, SETRE, CAR, Bahiagas e Coopera\u00e7\u00e3o Alem\u00e3 + Giz<\/p>\n<p><img loading=\"lazy\" decoding=\"async\" class=\"aligncenter wp-image-6001\" src=\"https:\/\/www.cacauechocolate.com.br\/v1\/wp-content\/uploads\/2023\/12\/sabores-4.jpg\" alt=\"\" width=\"410\" height=\"308\" srcset=\"https:\/\/www.cacauechocolate.com.br\/v1\/wp-content\/uploads\/2023\/12\/sabores-4.jpg 576w, https:\/\/www.cacauechocolate.com.br\/v1\/wp-content\/uploads\/2023\/12\/sabores-4-300x225.jpg 300w\" sizes=\"(max-width: 410px) 100vw, 410px\" \/><\/p>\n<p>O evento teve o apoio do CDS-LS, C\u00e2mara Municipal, Sebrae, Federa\u00e7\u00e3o Baiana de Hospedagem e Alimenta\u00e7\u00e3o, Sindicato Intermunicipal de Hospedagem e Alimenta\u00e7\u00e3o, Comtur, Mulheres Que Cuidam, Vila P\u00e9rola Negra e Ertour Receptivo<\/p>\n<p>Texto Aquis Santos-Fotos Divulga\u00e7\u00e3o)<\/p>\n","protected":false},"excerpt":{"rendered":"<p>&nbsp; &nbsp; Ess\u00eancia \u00e9 a express\u00e3o da alma. E esse \u00e9 o significado de toda a representatividade do 10\u00b0 Festival Gastron\u00f4mico Sabores de Itacar\u00e9, que durante tr\u00eas dias recebeu chefs, pessoas e m\u00fasicos, fomentou a economia e o empreendedorismo; apresentou as potencialidades culin\u00e1rias e criatividade dos itacareenses, numa edi\u00e7\u00e3o muito especial. Com pratos incr\u00edveis, diversos &hellip;<\/p>\n","protected":false},"author":2,"featured_media":5992,"comment_status":"open","ping_status":"open","sticky":false,"template":"","format":"standard","meta":{"footnotes":"","_links_to":"","_links_to_target":""},"categories":[3,1],"tags":[1368,4,6],"class_list":["post-5991","post","type-post","status-publish","format-standard","has-post-thumbnail","hentry","category-destaques","category-geral","tag-essencias","tag-festival-gastronomico-sabores-de-itacare","tag-sul-da-bahia"],"views":1167,"_links":{"self":[{"href":"https:\/\/www.cacauechocolate.com.br\/v1\/wp-json\/wp\/v2\/posts\/5991"}],"collection":[{"href":"https:\/\/www.cacauechocolate.com.br\/v1\/wp-json\/wp\/v2\/posts"}],"about":[{"href":"https:\/\/www.cacauechocolate.com.br\/v1\/wp-json\/wp\/v2\/types\/post"}],"author":[{"embeddable":true,"href":"https:\/\/www.cacauechocolate.com.br\/v1\/wp-json\/wp\/v2\/users\/2"}],"replies":[{"embeddable":true,"href":"https:\/\/www.cacauechocolate.com.br\/v1\/wp-json\/wp\/v2\/comments?post=5991"}],"version-history":[{"count":1,"href":"https:\/\/www.cacauechocolate.com.br\/v1\/wp-json\/wp\/v2\/posts\/5991\/revisions"}],"predecessor-version":[{"id":6002,"href":"https:\/\/www.cacauechocolate.com.br\/v1\/wp-json\/wp\/v2\/posts\/5991\/revisions\/6002"}],"wp:featuredmedia":[{"embeddable":true,"href":"https:\/\/www.cacauechocolate.com.br\/v1\/wp-json\/wp\/v2\/media\/5992"}],"wp:attachment":[{"href":"https:\/\/www.cacauechocolate.com.br\/v1\/wp-json\/wp\/v2\/media?parent=5991"}],"wp:term":[{"taxonomy":"category","embeddable":true,"href":"https:\/\/www.cacauechocolate.com.br\/v1\/wp-json\/wp\/v2\/categories?post=5991"},{"taxonomy":"post_tag","embeddable":true,"href":"https:\/\/www.cacauechocolate.com.br\/v1\/wp-json\/wp\/v2\/tags?post=5991"}],"curies":[{"name":"wp","href":"https:\/\/api.w.org\/{rel}","templated":true}]}}