{"id":6589,"date":"2024-03-15T08:38:51","date_gmt":"2024-03-15T11:38:51","guid":{"rendered":"https:\/\/www.cacauechocolate.com.br\/v1\/?p=6589"},"modified":"2024-03-15T08:45:58","modified_gmt":"2024-03-15T11:45:58","slug":"estival-transforma-salvador-na-capital-do-chocolate","status":"publish","type":"post","link":"https:\/\/www.cacauechocolate.com.br\/v1\/2024\/03\/15\/estival-transforma-salvador-na-capital-do-chocolate\/","title":{"rendered":"Festival transforma Salvador na Capital do Chocolate"},"content":{"rendered":"<p>&nbsp;<\/p>\n<p>O Centro de Conven\u00e7\u00f5es de Salvador, no bairro Boca do Rio, est\u00e1 com um brilho diferente. \u00c9 que, durante quatro dias, o equipamento sedia a 3\u00aa edi\u00e7\u00e3o do Origem Week e o 35\u00ba Chocolat Festival 2024. Desta quinta-feira (14) at\u00e9 domingo (17), est\u00e3o programadas v\u00e1rias atividades, como cozinha-show, oficinas, palestras e feira de origem, bem como a\u00e7\u00f5es para crian\u00e7as. Os eventos contam com investimento do Governo do Estado, por meio das Secretarias de Turismo (Setur), de Desenvolvimento Econ\u00f4mico (SDE), de Desenvolvimento Rural (SDR), do Meio Ambiente (Sema), do Trabalho, Emprego, Renda e Esporte (Setre), e de Agricultura (Seagri), al\u00e9m da Superintend\u00eancia Baiana de Assist\u00eancia T\u00e9cnica e Extens\u00e3o Rural (Bahiater), Ag\u00eancia de Defesa Agropecu\u00e1ria (Adab) e Bahia Pesca.<\/p>\n<p><img loading=\"lazy\" decoding=\"async\" class=\"aligncenter wp-image-6591\" src=\"https:\/\/www.cacauechocolate.com.br\/v1\/wp-content\/uploads\/2024\/03\/jerweek-1.jpg\" alt=\"\" width=\"414\" height=\"276\" srcset=\"https:\/\/www.cacauechocolate.com.br\/v1\/wp-content\/uploads\/2024\/03\/jerweek-1.jpg 561w, https:\/\/www.cacauechocolate.com.br\/v1\/wp-content\/uploads\/2024\/03\/jerweek-1-300x200.jpg 300w\" sizes=\"(max-width: 414px) 100vw, 414px\" \/><\/p>\n<p>S\u00e3o 230 estandes, de 194 marcas e produtores da Bahia e outros estados, expondo e comercializando itens feitos com cacau e outras mat\u00e9rias-primas como leite, caf\u00e9, pescado e artesanatos. H\u00e1, ainda, a participa\u00e7\u00e3o de chefs de pa\u00edses como Angola, B\u00e9lgica e Argentina. A entrada \u00e9 gratuita, por\u00e9m os visitantes devem entregar 1kg de alimento n\u00e3o perec\u00edvel, que ser\u00e1 doado para a campanha Bahia Sem Fome.<\/p>\n<p><img loading=\"lazy\" decoding=\"async\" class=\"aligncenter wp-image-6592\" src=\"https:\/\/www.cacauechocolate.com.br\/v1\/wp-content\/uploads\/2024\/03\/jer-week-3.jpg\" alt=\"\" width=\"425\" height=\"239\" srcset=\"https:\/\/www.cacauechocolate.com.br\/v1\/wp-content\/uploads\/2024\/03\/jer-week-3.jpg 640w, https:\/\/www.cacauechocolate.com.br\/v1\/wp-content\/uploads\/2024\/03\/jer-week-3-300x169.jpg 300w, https:\/\/www.cacauechocolate.com.br\/v1\/wp-content\/uploads\/2024\/03\/jer-week-3-390x220.jpg 390w\" sizes=\"(max-width: 425px) 100vw, 425px\" \/><\/p>\n<p>Presente na abertura da programa\u00e7\u00e3o, o governador Jer\u00f4nimo Rodrigues destacou o papel de responsabilidade social dos eventos: &#8220;al\u00e9m de trabalhar para que as pessoas possam ser respons\u00e1veis pelo meio ambiente, pela vida das pessoas, visa garantir o combate \u00e0 fome. Estamos falando, tamb\u00e9m, de agricultura familiar, de economia, turismo. Tudo com base no cacau\u201d.<\/p>\n<p>A MVU Empreendimentos\/Grupo M21, organizadora dos eventos, estima que, nos quatro dias, um p\u00fablico de 28 mil pessoas passe pelo local, gerando uma receita de, aproximadamente, R$ 6 milh\u00f5es em neg\u00f3cios. Eriela Mendes, do Centro P\u00fablico de Economia Solid\u00e1ria (Cesol) do Territ\u00f3rio de Irec\u00ea, tem boa expectativa para o Festival. \u201cEsperamos que as pessoas venham conhecer os nossos produtos oriundos da economia solid\u00e1ria. Aqui, n\u00f3s temos produtos naturais, como o tempero, o mel org\u00e2nico e o artesanato em geral\u201d, sinalizou.<\/p>\n<p><img loading=\"lazy\" decoding=\"async\" class=\"aligncenter wp-image-6593\" src=\"https:\/\/www.cacauechocolate.com.br\/v1\/wp-content\/uploads\/2024\/03\/jer-week-5.jpg\" alt=\"\" width=\"417\" height=\"278\" srcset=\"https:\/\/www.cacauechocolate.com.br\/v1\/wp-content\/uploads\/2024\/03\/jer-week-5.jpg 640w, https:\/\/www.cacauechocolate.com.br\/v1\/wp-content\/uploads\/2024\/03\/jer-week-5-300x200.jpg 300w\" sizes=\"(max-width: 417px) 100vw, 417px\" \/><\/p>\n<p>O objetivo \u00e9 difundir o cooperativismo e incentivar a cria\u00e7\u00e3o de novos produtos de origem; impulsionar a revitaliza\u00e7\u00e3o da cadeia produtiva e movimentar a economia; atrair investimentos e ampliar o fluxo de visitantes\/turistas para o estado; prospectar oportunidades de neg\u00f3cios e meios de acesso ao mercado; conhecer as ferramentas de inova\u00e7\u00e3o e melhoria de competitividade do setor. Ao longo da programa\u00e7\u00e3o, diversas cadeias produtivas do Brasil apresentar\u00e3o produtos de origem, gourmet e artesanais, como o \u201cChocolat Festival\u201d, o \u201cOrigem Brasil\u201d, agricultura familiar com uma diversidade de produtos, e o \u201cSal\u00e3o do Caf\u00e9\u201d.<\/p>\n<p>De acordo com o presidente da Companhia de Desenvolvimento e A\u00e7\u00e3o Regional (CAR), Jeandro Ribeiro, os eventos incentivam o apoio ao pequeno produtor na venda de marcas e produtos de origem: &#8220;trata-se de mais uma estrat\u00e9gia para fortalecer a agricultura familiar. S\u00e3o mais de 4 bilh\u00f5es de reais investidos na agricultura familiar ao longo dos anos. As a\u00e7\u00f5es reunem tudo o que est\u00e1 sendo produzido no interior da Bahia, demonstrando claramente aqui para a popula\u00e7\u00e3o de Salvador.&#8221;<\/p>\n<p>Como parte do planejamento de ampliar o fluxo de visitantes, ser\u00e3o promovidos os mais diversos destinos baianos. O p\u00fablico ter\u00e1 acesso a informa\u00e7\u00f5es das 13 zonas tur\u00edsticas do estado.<\/p>\n<p><img loading=\"lazy\" decoding=\"async\" class=\"aligncenter wp-image-6594\" src=\"https:\/\/www.cacauechocolate.com.br\/v1\/wp-content\/uploads\/2024\/03\/jer-week-2.jpg\" alt=\"\" width=\"468\" height=\"312\" srcset=\"https:\/\/www.cacauechocolate.com.br\/v1\/wp-content\/uploads\/2024\/03\/jer-week-2.jpg 610w, https:\/\/www.cacauechocolate.com.br\/v1\/wp-content\/uploads\/2024\/03\/jer-week-2-300x200.jpg 300w\" sizes=\"(max-width: 468px) 100vw, 468px\" \/><\/p>\n<p>O secret\u00e1rio estadual do Turismo, Maur\u00edcio Bacelar, ressalta as a\u00e7\u00f5es da pasta para atrair, cada vez mais, visitantes para a Bahia: \u201cas pessoas conhecem produtos da Bahia e querem saber aonde esses produtos s\u00e3o produzidos. Isso gera um aumento de visita\u00e7\u00e3o. Ent\u00e3o, desenvolvemos programas de capacita\u00e7\u00e3o e qualifica\u00e7\u00e3o de m\u00e3o de obra, obras de infraestrutura, a\u00e7\u00f5es de promo\u00e7\u00e3o e um amplo trabalho, tamb\u00e9m, de capta\u00e7\u00e3o de voos. S\u00e3o estas iniciativas que t\u00eam colocado o estado na lideran\u00e7a do turismo nacional&#8221;.<\/p>\n<p>A noite de eventos tamb\u00e9m contou com a presen\u00e7a da primeira-dama do estado, Tatiana Velloso, do coordenador do programa Bahia Sem Fome, Tiago Pereira, e do secret\u00e1rio do Trabalho, Emprego, Renda e Esporte, Davidson Magalh\u00e3es, al\u00e9m de deputados estaduais e federais e outras autoridades.<\/p>\n<p>A pr\u00f3xima edi\u00e7\u00e3o do Chocolat Festival est\u00e1 prevista para ocorrer de 9 a 12 de maio, em Bras\u00edlia. Mas, no m\u00eas de julho, volta para a Bahia, quando, de 18 a 21, a cidade de Ilh\u00e9us sedia o evento.<\/p>\n<p>Fotos Matheus Landim GOVBA<\/p>\n","protected":false},"excerpt":{"rendered":"<p>&nbsp; O Centro de Conven\u00e7\u00f5es de Salvador, no bairro Boca do Rio, est\u00e1 com um brilho diferente. \u00c9 que, durante quatro dias, o equipamento sedia a 3\u00aa edi\u00e7\u00e3o do Origem Week e o 35\u00ba Chocolat Festival 2024. Desta quinta-feira (14) at\u00e9 domingo (17), est\u00e3o programadas v\u00e1rias atividades, como cozinha-show, oficinas, palestras e feira de origem, &hellip;<\/p>\n","protected":false},"author":2,"featured_media":6590,"comment_status":"open","ping_status":"open","sticky":false,"template":"","format":"standard","meta":{"footnotes":"","_links_to":"","_links_to_target":""},"categories":[3,1],"tags":[7,41,1134,65,825,112],"class_list":["post-6589","post","type-post","status-publish","format-standard","has-post-thumbnail","hentry","category-destaques","category-geral","tag-cacau","tag-chocolat-festival","tag-jeronimo-rodrigues","tag-marco-lessa","tag-origem-week","tag-salvador"],"views":1204,"_links":{"self":[{"href":"https:\/\/www.cacauechocolate.com.br\/v1\/wp-json\/wp\/v2\/posts\/6589"}],"collection":[{"href":"https:\/\/www.cacauechocolate.com.br\/v1\/wp-json\/wp\/v2\/posts"}],"about":[{"href":"https:\/\/www.cacauechocolate.com.br\/v1\/wp-json\/wp\/v2\/types\/post"}],"author":[{"embeddable":true,"href":"https:\/\/www.cacauechocolate.com.br\/v1\/wp-json\/wp\/v2\/users\/2"}],"replies":[{"embeddable":true,"href":"https:\/\/www.cacauechocolate.com.br\/v1\/wp-json\/wp\/v2\/comments?post=6589"}],"version-history":[{"count":2,"href":"https:\/\/www.cacauechocolate.com.br\/v1\/wp-json\/wp\/v2\/posts\/6589\/revisions"}],"predecessor-version":[{"id":6596,"href":"https:\/\/www.cacauechocolate.com.br\/v1\/wp-json\/wp\/v2\/posts\/6589\/revisions\/6596"}],"wp:featuredmedia":[{"embeddable":true,"href":"https:\/\/www.cacauechocolate.com.br\/v1\/wp-json\/wp\/v2\/media\/6590"}],"wp:attachment":[{"href":"https:\/\/www.cacauechocolate.com.br\/v1\/wp-json\/wp\/v2\/media?parent=6589"}],"wp:term":[{"taxonomy":"category","embeddable":true,"href":"https:\/\/www.cacauechocolate.com.br\/v1\/wp-json\/wp\/v2\/categories?post=6589"},{"taxonomy":"post_tag","embeddable":true,"href":"https:\/\/www.cacauechocolate.com.br\/v1\/wp-json\/wp\/v2\/tags?post=6589"}],"curies":[{"name":"wp","href":"https:\/\/api.w.org\/{rel}","templated":true}]}}