{"id":7356,"date":"2024-05-28T14:34:25","date_gmt":"2024-05-28T17:34:25","guid":{"rendered":"https:\/\/www.cacauechocolate.com.br\/v1\/?p=7356"},"modified":"2024-05-28T14:34:25","modified_gmt":"2024-05-28T17:34:25","slug":"estrada-do-chocolate-desperta-interesse-em-feira-de-negocios-e-turismo-em-brasilia","status":"publish","type":"post","link":"https:\/\/www.cacauechocolate.com.br\/v1\/2024\/05\/28\/estrada-do-chocolate-desperta-interesse-em-feira-de-negocios-e-turismo-em-brasilia\/","title":{"rendered":"Estrada do Chocolate desperta interesse em feira de neg\u00f3cios e turismo em Bras\u00edlia"},"content":{"rendered":"<div><\/div>\n<div><\/div>\n<div>Produtos gourmet e artesanais origin\u00e1rios da Bahia foram apresentados no Centro de Conven\u00e7\u00f5es Ulysses Guimar\u00e3es, em Bras\u00edlia, em quatro dias da Feira Origem Week (23 a 26 de maio), realizada pela primeira vez na capital federal, junto com o Chocolat Festival, o maior evento de cacau e chocolate da Am\u00e9rica Latina. O evento de neg\u00f3cios e turismo recebeu 35 mil visitantes e movimentou R$ 10 milh\u00f5es, com a exposi\u00e7\u00e3o de 250 marcas nacionais.<\/div>\n<div><img loading=\"lazy\" decoding=\"async\" class=\"aligncenter size-full wp-image-7357\" src=\"https:\/\/www.cacauechocolate.com.br\/v1\/wp-content\/uploads\/2024\/05\/Estrada-do-Chocolate-desperta-interesse-em-feira-de-neg\u00f3cios-e-turismo-em-Bras\u00edlia-Foto-Ascom-SeturBA.jpg\" alt=\"\" width=\"360\" height=\"254\" srcset=\"https:\/\/www.cacauechocolate.com.br\/v1\/wp-content\/uploads\/2024\/05\/Estrada-do-Chocolate-desperta-interesse-em-feira-de-neg\u00f3cios-e-turismo-em-Bras\u00edlia-Foto-Ascom-SeturBA.jpg 360w, https:\/\/www.cacauechocolate.com.br\/v1\/wp-content\/uploads\/2024\/05\/Estrada-do-Chocolate-desperta-interesse-em-feira-de-neg\u00f3cios-e-turismo-em-Bras\u00edlia-Foto-Ascom-SeturBA-300x212.jpg 300w\" sizes=\"(max-width: 360px) 100vw, 360px\" \/><\/div>\n<div><\/div>\n<div>A feira teve patroc\u00ednio da Secretaria de Turismo da Bahia (Setur-BA), que promoveu os atrativos tur\u00edsticos do estado, com \u00eanfase na Estrada do Chocolate, entre os munic\u00edpios de Ilh\u00e9us e Uru\u00e7uca, na Costa do Cacau. O equipamento oferece um experi\u00eancia imersiva rural, com visitas a fazendas centen\u00e1rias da lavoura cacaueira e ao circuito chocolateiro da regi\u00e3o.<\/div>\n<div><\/div>\n<div>\u201cTem crescido o interesse pela Estrada do Chocolate, onde o roteiro \u00e9 muito atraente, principalmente, com o remake da novela global Renascer, que foi filmada em Ilh\u00e9us e conta parte da hist\u00f3ria do cacau. As pessoas est\u00e3o curiosas e planejam viajar para o sul da Bahia\u201d, relatou a assessora t\u00e9cnica de Promo\u00e7\u00e3o da Setur-BA, Estef\u00e2nia Medeiros.<\/div>\n<div><img loading=\"lazy\" decoding=\"async\" class=\"aligncenter size-full wp-image-5175\" src=\"https:\/\/www.cacauechocolate.com.br\/v1\/wp-content\/uploads\/2023\/07\/Estrada-do-Chocolate-\u00e9-destaque-em-festival-gastron\u00f4mico-que-movimenta-Ilh\u00e9us-Foto-Tiago-Queiroz.jpg\" alt=\"\" width=\"416\" height=\"277\" srcset=\"https:\/\/www.cacauechocolate.com.br\/v1\/wp-content\/uploads\/2023\/07\/Estrada-do-Chocolate-\u00e9-destaque-em-festival-gastron\u00f4mico-que-movimenta-Ilh\u00e9us-Foto-Tiago-Queiroz.jpg 416w, https:\/\/www.cacauechocolate.com.br\/v1\/wp-content\/uploads\/2023\/07\/Estrada-do-Chocolate-\u00e9-destaque-em-festival-gastron\u00f4mico-que-movimenta-Ilh\u00e9us-Foto-Tiago-Queiroz-300x200.jpg 300w\" sizes=\"(max-width: 416px) 100vw, 416px\" \/><\/div>\n<div><\/div>\n<div>\u201cA nossa estreia em Bras\u00edlia superou todas as expectativas de p\u00fablico e vendas, deixando muito satisfeitos clientes, visitantes e expositores. O artesanato veio muito forte, assim como o Chocolat Festival, com destaque para o cacau da Bahia, que alia neg\u00f3cios e turismo, alimentando toda uma cadeia produtiva que fortalece a economia do estado\u201d, ressaltou o organizador da Origem Week, Marco Lessa.<\/div>\n<div><\/div>\n<div><\/div>\n<div><b>Esporte e religiosidade<\/b>\u00a0&#8211; A Setur-BA patrocinou, no \u00faltimo fim de semana, iniciativas dos segmentos esportivo e religioso, em tr\u00eas zonas tur\u00edsticas da Bahia, que movimentaram empresas de transporte, hot\u00e9is, restaurantes e equipamentos de lazer.<\/div>\n<div><img loading=\"lazy\" decoding=\"async\" class=\"aligncenter  wp-image-5192\" src=\"https:\/\/www.cacauechocolate.com.br\/v1\/wp-content\/uploads\/2023\/07\/choc-festival-2023-13-1.jpg\" alt=\"\" width=\"458\" height=\"291\" srcset=\"https:\/\/www.cacauechocolate.com.br\/v1\/wp-content\/uploads\/2023\/07\/choc-festival-2023-13-1.jpg 637w, https:\/\/www.cacauechocolate.com.br\/v1\/wp-content\/uploads\/2023\/07\/choc-festival-2023-13-1-300x191.jpg 300w\" sizes=\"(max-width: 458px) 100vw, 458px\" \/><\/div>\n<div><\/div>\n<div>Em Salvador, na regi\u00e3o da Ba\u00eda de Todos-os-Santos, a Copa Pedal de BMX (bicicross) reuniu 98 participantes (masculino e feminino), na pista de Stella Maris, com disputas na faixa et\u00e1ria de 5 a 50 anos.\u00a0 A competi\u00e7\u00e3o teve a participa\u00e7\u00e3o de representantes da capital e de Lauro de Freitas.\u00a0Ainda em Salvador, no Pelourinho, aconteceu a Freijoada Franciscana da Trezena de Santo Ant\u00f4nio, no Largo do Cruzeiro de S\u00e3o Francisco, com missa e atra\u00e7\u00f5es musicais, incluindo apresenta\u00e7\u00e3o do cantor Ger\u00f4nimo.<\/div>\n<div><\/div>\n<div>Ibicoara, na Chapada Diamantina, recebeu a quinta edi\u00e7\u00e3o do Rally da Chapada, que abriu o Campeonato Bahiano de Rally de Aventura 2024, envolvendo quase 200 competidores. Os pilotos percorreram o\u00a0trajeto de 100 quil\u00f4metros de estradas vicinais, tendo pelo caminho belezas naturais da Serra do Sincor\u00e1, como a Cachoeira do Burac\u00e3o.<\/div>\n<div><\/div>\n<div>J\u00e1 na Costa do Cacau, o Centro de Conven\u00e7\u00f5es de Ilh\u00e9us sediou o evento evang\u00e9lico Abala Juventude. Cerca de tr\u00eas mil jovens da regi\u00e3o fizeram uma vig\u00edlia de nove horas, com ora\u00e7\u00f5es, palestras e m\u00fasica gospel.<\/div>\n","protected":false},"excerpt":{"rendered":"<p>Produtos gourmet e artesanais origin\u00e1rios da Bahia foram apresentados no Centro de Conven\u00e7\u00f5es Ulysses Guimar\u00e3es, em Bras\u00edlia, em quatro dias da Feira Origem Week (23 a 26 de maio), realizada pela primeira vez na capital federal, junto com o Chocolat Festival, o maior evento de cacau e chocolate da Am\u00e9rica Latina. O evento de neg\u00f3cios &hellip;<\/p>\n","protected":false},"author":2,"featured_media":3452,"comment_status":"open","ping_status":"open","sticky":false,"template":"","format":"standard","meta":{"footnotes":"","_links_to":"","_links_to_target":""},"categories":[3,1],"tags":[1088,525,800,877,6],"class_list":["post-7356","post","type-post","status-publish","format-standard","has-post-thumbnail","hentry","category-destaques","category-geral","tag-brasilia","tag-estrada-do-chocolate","tag-feira-origem-week","tag-secretaria-de-turismo","tag-sul-da-bahia"],"views":1030,"_links":{"self":[{"href":"https:\/\/www.cacauechocolate.com.br\/v1\/wp-json\/wp\/v2\/posts\/7356"}],"collection":[{"href":"https:\/\/www.cacauechocolate.com.br\/v1\/wp-json\/wp\/v2\/posts"}],"about":[{"href":"https:\/\/www.cacauechocolate.com.br\/v1\/wp-json\/wp\/v2\/types\/post"}],"author":[{"embeddable":true,"href":"https:\/\/www.cacauechocolate.com.br\/v1\/wp-json\/wp\/v2\/users\/2"}],"replies":[{"embeddable":true,"href":"https:\/\/www.cacauechocolate.com.br\/v1\/wp-json\/wp\/v2\/comments?post=7356"}],"version-history":[{"count":1,"href":"https:\/\/www.cacauechocolate.com.br\/v1\/wp-json\/wp\/v2\/posts\/7356\/revisions"}],"predecessor-version":[{"id":7358,"href":"https:\/\/www.cacauechocolate.com.br\/v1\/wp-json\/wp\/v2\/posts\/7356\/revisions\/7358"}],"wp:featuredmedia":[{"embeddable":true,"href":"https:\/\/www.cacauechocolate.com.br\/v1\/wp-json\/wp\/v2\/media\/3452"}],"wp:attachment":[{"href":"https:\/\/www.cacauechocolate.com.br\/v1\/wp-json\/wp\/v2\/media?parent=7356"}],"wp:term":[{"taxonomy":"category","embeddable":true,"href":"https:\/\/www.cacauechocolate.com.br\/v1\/wp-json\/wp\/v2\/categories?post=7356"},{"taxonomy":"post_tag","embeddable":true,"href":"https:\/\/www.cacauechocolate.com.br\/v1\/wp-json\/wp\/v2\/tags?post=7356"}],"curies":[{"name":"wp","href":"https:\/\/api.w.org\/{rel}","templated":true}]}}