{"id":8379,"date":"2024-09-06T15:24:19","date_gmt":"2024-09-06T18:24:19","guid":{"rendered":"https:\/\/www.cacauechocolate.com.br\/v1\/?p=8379"},"modified":"2024-09-06T15:34:04","modified_gmt":"2024-09-06T18:34:04","slug":"brasil-origem-week-mostra-o-melhor-do-pais-para-a-belgica-e-para-o-mundo","status":"publish","type":"post","link":"https:\/\/www.cacauechocolate.com.br\/v1\/2024\/09\/06\/brasil-origem-week-mostra-o-melhor-do-pais-para-a-belgica-e-para-o-mundo\/","title":{"rendered":"Brasil Origem Week mostra o melhor do pa\u00eds para a B\u00e9lgica e para o mundo"},"content":{"rendered":"<p>No cora\u00e7\u00e3o da Grand Place, considerada a pra\u00e7a mais bonita do mundo, o Brasil mostra o que tem de melhor para os belgas e para os in\u00fameros turistas que passam pelo local diariamente. O Le Maison du Cygne recebe o Brasil Origem Week de hoje at\u00e9 domingo.<\/p>\n<p>&nbsp;<\/p>\n<p>\u201cO evento vai falar por si s\u00f3. N\u00f3s temos aqui instalados nessa casa bel\u00edssima uma exposi\u00e7\u00e3o de fotografia e arte do Brasil. No andar inferior, tamb\u00e9m na passagem, outras cadeias produtivas, inclusive com a moda,\u00a0 bioj\u00f3ias,\u00a0 artesanato, cer\u00e2mica. No primeiro piso, a Bahia e o Par\u00e1 como estados apoiadores. Eu quero agradecer a sensibilidade e a vis\u00e3o dos governadores Helder Barbalho e Jer\u00f4nimo Rodrigues, que viabilizaram esse projeto com apoio absolutamente fundamental da embaixada do Brasil, da Apex e outros parceiros. Esse evento \u00e9 feito por e para os produtores, principalmente os pequenos produtores do Brasil\u201d, disse Marco Lessa, CEO do grupo M21 e criador do Brasil Origem Week<\/p>\n<p><img loading=\"lazy\" decoding=\"async\" class=\"aligncenter wp-image-8381\" src=\"https:\/\/www.cacauechocolate.com.br\/v1\/wp-content\/uploads\/2024\/09\/PHOTO-2024-09-06-12-54-16.jpg\" alt=\"\" width=\"446\" height=\"297\" srcset=\"https:\/\/www.cacauechocolate.com.br\/v1\/wp-content\/uploads\/2024\/09\/PHOTO-2024-09-06-12-54-16.jpg 534w, https:\/\/www.cacauechocolate.com.br\/v1\/wp-content\/uploads\/2024\/09\/PHOTO-2024-09-06-12-54-16-300x200.jpg 300w\" sizes=\"(max-width: 446px) 100vw, 446px\" \/><\/p>\n<p>O evento tem o apoio da Apex Brasil, representada em Bruxelas por Aloysio Nunes Ferreira, chefe do escrit\u00f3rio na B\u00e9lgica. O ex-ministro da Justi\u00e7a ressaltou a import\u00e2ncia de iniciativas como a do Brasil Origem Week.<\/p>\n<p>&nbsp;<\/p>\n<p>&#8220;Dizem que os baianos e os paraenses s\u00e3o os mais bairristas do Brasil. E acho que\u00a0 tem muita raz\u00e3o de ser. N\u00e3o s\u00f3 porque s\u00e3o dois estados pujantes, que t\u00eam uma enorme contribui\u00e7\u00e3o para o nosso pa\u00eds, estados ricos, estados que s\u00e3o dirigidos por governos inovadores, audaciosos, corretos e estados que valorizam o que \u00e9 nosso, que \u00e9 a produ\u00e7\u00e3o brasileira, a produ\u00e7\u00e3o das nossas coisas que n\u00f3s temos de melhor\u201d, afirmou Aloysio Nunes Ferreira.<\/p>\n<p><img loading=\"lazy\" decoding=\"async\" class=\"aligncenter wp-image-8382\" src=\"https:\/\/www.cacauechocolate.com.br\/v1\/wp-content\/uploads\/2024\/09\/PHOTO-2024-09-06-12-54-22.jpg\" alt=\"\" width=\"453\" height=\"302\" srcset=\"https:\/\/www.cacauechocolate.com.br\/v1\/wp-content\/uploads\/2024\/09\/PHOTO-2024-09-06-12-54-22.jpg 765w, https:\/\/www.cacauechocolate.com.br\/v1\/wp-content\/uploads\/2024\/09\/PHOTO-2024-09-06-12-54-22-300x200.jpg 300w\" sizes=\"(max-width: 453px) 100vw, 453px\" \/><\/p>\n<p>A import\u00e2ncia da agricultura familiar foi ressaltada por Lanns Almeida, representante do governo da Bahia e superintendente do Bahiater.<\/p>\n<p>&nbsp;<\/p>\n<p>&#8220;A gente vai estar trazendo esses jovens da Bahia para eles verem onde os produtos deles e delas chegam. \u00c9 uma satisfa\u00e7\u00e3o estar aqui, parabenizar ao Marco essa pela ousadia. Eu sou agricultor, eu n\u00e3o sou produtor, porque quem produz cacau, eu p\u00e9 de cacau. Eu sou agricultor familiar com muita honra\u201d, contou.<\/p>\n<p>&nbsp;<\/p>\n<p>J\u00e1 o embaixador do Brasil na B\u00e9lgica, Jo\u00e3o Mendes, adiantou que as conversas para a edi\u00e7\u00e3o 2025 j\u00e1 est\u00e3o acontecendo.<\/p>\n<p><img loading=\"lazy\" decoding=\"async\" class=\"aligncenter wp-image-8383\" src=\"https:\/\/www.cacauechocolate.com.br\/v1\/wp-content\/uploads\/2024\/09\/bel-3.jpg\" alt=\"\" width=\"455\" height=\"303\" srcset=\"https:\/\/www.cacauechocolate.com.br\/v1\/wp-content\/uploads\/2024\/09\/bel-3.jpg 765w, https:\/\/www.cacauechocolate.com.br\/v1\/wp-content\/uploads\/2024\/09\/bel-3-300x200.jpg 300w\" sizes=\"(max-width: 455px) 100vw, 455px\" \/><\/p>\n<p>&#8220;\u00c9 uma alegria muito grande receb\u00ea-los na embaixada e gostaria mais uma vez, Marcos, de saudar essa sua iniciativa, esse seu car\u00e1ter inovador, desafiador, de fazer evento de tanta qualidade e t\u00e3o novo quanto esse aqui em Bruxelas. Quero renovar o compromisso da embaixada e o meu pessoal de trabalhar em favor do aprimoramento desse evento. E o pr\u00f3ximo evento que a gente pretende organizar aqui no ano que vem voc\u00eas poder\u00e3o contar com o apoio da embaixada\u201d, finalizou.<\/p>\n<p>&nbsp;<\/p>\n<p>At\u00e9 domingo, a Grand Place recebe o Brasil Origem Week que tem extensa programa\u00e7\u00e3o: desde comidas t\u00edpicas de diversas regi\u00f5es brasileiras, passando por shows de maracatu, forr\u00f3, samba e bossa nova, at\u00e9 palestras e rodadas de neg\u00f3cios. O evento ainda ter\u00e1 edi\u00e7\u00f5es internacionais em Paris (1 a 3 de novembro) e Madri (15 a 17 de novembro).<\/p>\n<p><img loading=\"lazy\" decoding=\"async\" class=\"aligncenter wp-image-8384\" src=\"https:\/\/www.cacauechocolate.com.br\/v1\/wp-content\/uploads\/2024\/09\/bel-2.jpg\" alt=\"\" width=\"313\" height=\"426\" srcset=\"https:\/\/www.cacauechocolate.com.br\/v1\/wp-content\/uploads\/2024\/09\/bel-2.jpg 471w, https:\/\/www.cacauechocolate.com.br\/v1\/wp-content\/uploads\/2024\/09\/bel-2-220x300.jpg 220w\" sizes=\"(max-width: 313px) 100vw, 313px\" \/><\/p>\n<p>O Brasil Origem Week \u00e9 uma idealiza\u00e7\u00e3o e realiza\u00e7\u00e3o da MVU Empreendimentos\/Grupo M21 e conta com o apoio dos governos de Bahia e Par\u00e1, al\u00e9m da Apex Brasil e da Embaixada do Brasil na B\u00e9lgica.<\/p>\n<p>&nbsp;<\/p>\n","protected":false},"excerpt":{"rendered":"<p>No cora\u00e7\u00e3o da Grand Place, considerada a pra\u00e7a mais bonita do mundo, o Brasil mostra o que tem de melhor para os belgas e para os in\u00fameros turistas que passam pelo local diariamente. O Le Maison du Cygne recebe o Brasil Origem Week de hoje at\u00e9 domingo. &nbsp; \u201cO evento vai falar por si s\u00f3. &hellip;<\/p>\n","protected":false},"author":2,"featured_media":8380,"comment_status":"open","ping_status":"open","sticky":false,"template":"","format":"standard","meta":{"footnotes":"","_links_to":"","_links_to_target":""},"categories":[3,1],"tags":[303,1930,31,65],"class_list":["post-8379","post","type-post","status-publish","format-standard","has-post-thumbnail","hentry","category-destaques","category-geral","tag-belgica","tag-brasil-origem-week","tag-governo-da-bahia","tag-marco-lessa"],"views":559,"_links":{"self":[{"href":"https:\/\/www.cacauechocolate.com.br\/v1\/wp-json\/wp\/v2\/posts\/8379"}],"collection":[{"href":"https:\/\/www.cacauechocolate.com.br\/v1\/wp-json\/wp\/v2\/posts"}],"about":[{"href":"https:\/\/www.cacauechocolate.com.br\/v1\/wp-json\/wp\/v2\/types\/post"}],"author":[{"embeddable":true,"href":"https:\/\/www.cacauechocolate.com.br\/v1\/wp-json\/wp\/v2\/users\/2"}],"replies":[{"embeddable":true,"href":"https:\/\/www.cacauechocolate.com.br\/v1\/wp-json\/wp\/v2\/comments?post=8379"}],"version-history":[{"count":3,"href":"https:\/\/www.cacauechocolate.com.br\/v1\/wp-json\/wp\/v2\/posts\/8379\/revisions"}],"predecessor-version":[{"id":8387,"href":"https:\/\/www.cacauechocolate.com.br\/v1\/wp-json\/wp\/v2\/posts\/8379\/revisions\/8387"}],"wp:featuredmedia":[{"embeddable":true,"href":"https:\/\/www.cacauechocolate.com.br\/v1\/wp-json\/wp\/v2\/media\/8380"}],"wp:attachment":[{"href":"https:\/\/www.cacauechocolate.com.br\/v1\/wp-json\/wp\/v2\/media?parent=8379"}],"wp:term":[{"taxonomy":"category","embeddable":true,"href":"https:\/\/www.cacauechocolate.com.br\/v1\/wp-json\/wp\/v2\/categories?post=8379"},{"taxonomy":"post_tag","embeddable":true,"href":"https:\/\/www.cacauechocolate.com.br\/v1\/wp-json\/wp\/v2\/tags?post=8379"}],"curies":[{"name":"wp","href":"https:\/\/api.w.org\/{rel}","templated":true}]}}