{"id":8491,"date":"2024-09-19T11:13:23","date_gmt":"2024-09-19T14:13:23","guid":{"rendered":"https:\/\/www.cacauechocolate.com.br\/v1\/?p=8491"},"modified":"2024-09-19T16:20:37","modified_gmt":"2024-09-19T19:20:37","slug":"flicare-fara-homenagem-ao-cacau-e-ao-chocolate","status":"publish","type":"post","link":"https:\/\/www.cacauechocolate.com.br\/v1\/2024\/09\/19\/flicare-fara-homenagem-ao-cacau-e-ao-chocolate\/","title":{"rendered":"Flicar\u00e9 far\u00e1 homenagem ao cacau e ao chocolate"},"content":{"rendered":"<p>A\u00a0<a href=\"https:\/\/atarde.com.br\/cultura?d=1\"><strong>Festa Liter\u00e1ria Internacional de Itacar\u00e9<\/strong><\/a>\u00a0j\u00e1 tem data marcada: 24, 25 e 26 de outubro, na Pra\u00e7a S\u00e3o Miguel. A segunda edi\u00e7\u00e3o do evento ter\u00e1 como tema &#8220;Do cacau ao chocolate: hist\u00f3rias, leituras e oralituras de Itacar\u00e9&#8221;.<\/p>\n<p>Segundo a organiza\u00e7\u00e3o, a Flicar\u00e9, neste ano, prop\u00f5e uma \u201cimers\u00e3o na literatura e cultura que floresceram\u201d em torno do cacau. \u201cO ciclo do cacau n\u00e3o apenas moldou a economia de nossa cidade, mas tamb\u00e9m deixou marcas indel\u00e9veis na identidade cultural de Itacar\u00e9, influenciando desde a infraestrutura urbana e rural at\u00e9 as tradi\u00e7\u00f5es e narrativas locais\u201d.<\/p>\n<p><img loading=\"lazy\" decoding=\"async\" class=\"aligncenter wp-image-8493\" src=\"https:\/\/www.cacauechocolate.com.br\/v1\/wp-content\/uploads\/2024\/09\/flicare-1.jpg\" alt=\"\" width=\"375\" height=\"281\" srcset=\"https:\/\/www.cacauechocolate.com.br\/v1\/wp-content\/uploads\/2024\/09\/flicare-1.jpg 640w, https:\/\/www.cacauechocolate.com.br\/v1\/wp-content\/uploads\/2024\/09\/flicare-1-300x225.jpg 300w\" sizes=\"(max-width: 375px) 100vw, 375px\" \/><\/p>\n<p>O homenageado da edi\u00e7\u00e3o \u00e9 um morador da cidade: Roberto Set\u00fabal, definido pelos organizadores como \u201cum proeminente guardi\u00e3o da mem\u00f3ria de Itacar\u00e9\u201d. Extensa, a programa\u00e7\u00e3o inclui mesas, conta\u00e7\u00f5es de hist\u00f3rias, lan\u00e7amentos coletivos e divulga\u00e7\u00e3o de autores e obras regionais, apresenta\u00e7\u00f5es culturais, oficinas, exposi\u00e7\u00e3o de obras de arte, apresenta\u00e7\u00e3o musical de artistas locais e regionais, concurso liter\u00e1rio entre outras atividades.<\/p>\n<p><img loading=\"lazy\" decoding=\"async\" class=\"aligncenter wp-image-6764\" src=\"https:\/\/www.cacauechocolate.com.br\/v1\/wp-content\/uploads\/2024\/04\/itacar\u00e9-ver\u00e3o-2.jpg\" alt=\"\" width=\"436\" height=\"245\" srcset=\"https:\/\/www.cacauechocolate.com.br\/v1\/wp-content\/uploads\/2024\/04\/itacar\u00e9-ver\u00e3o-2.jpg 640w, https:\/\/www.cacauechocolate.com.br\/v1\/wp-content\/uploads\/2024\/04\/itacar\u00e9-ver\u00e3o-2-300x169.jpg 300w, https:\/\/www.cacauechocolate.com.br\/v1\/wp-content\/uploads\/2024\/04\/itacar\u00e9-ver\u00e3o-2-390x220.jpg 390w\" sizes=\"(max-width: 436px) 100vw, 436px\" \/><\/p>\n<p>\u00c9 esperado um p\u00fablico de 20 mil a 25 mil pessoas entre estudantes da rede p\u00fablica municipal e particular, profissionais das Academias de Letras da Regi\u00e3o, profissionais da \u00e1reas de letras, ci\u00eancias biol\u00f3gicas, pedagogia, LEA, gastronomia, m\u00fasica, dan\u00e7a, estudantes e profissionais das universidades da regi\u00e3o e artistas em geral.<\/p>\n","protected":false},"excerpt":{"rendered":"<p>A\u00a0Festa Liter\u00e1ria Internacional de Itacar\u00e9\u00a0j\u00e1 tem data marcada: 24, 25 e 26 de outubro, na Pra\u00e7a S\u00e3o Miguel. A segunda edi\u00e7\u00e3o do evento ter\u00e1 como tema &#8220;Do cacau ao chocolate: hist\u00f3rias, leituras e oralituras de Itacar\u00e9&#8221;. Segundo a organiza\u00e7\u00e3o, a Flicar\u00e9, neste ano, prop\u00f5e uma \u201cimers\u00e3o na literatura e cultura que floresceram\u201d em torno do &hellip;<\/p>\n","protected":false},"author":2,"featured_media":8495,"comment_status":"open","ping_status":"open","sticky":false,"template":"","format":"standard","meta":{"footnotes":"","_links_to":"","_links_to_target":""},"categories":[3,1],"tags":[1957,6],"class_list":["post-8491","post","type-post","status-publish","format-standard","has-post-thumbnail","hentry","category-destaques","category-geral","tag-festa-literaria-internacional-de-itacare","tag-sul-da-bahia"],"views":855,"_links":{"self":[{"href":"https:\/\/www.cacauechocolate.com.br\/v1\/wp-json\/wp\/v2\/posts\/8491"}],"collection":[{"href":"https:\/\/www.cacauechocolate.com.br\/v1\/wp-json\/wp\/v2\/posts"}],"about":[{"href":"https:\/\/www.cacauechocolate.com.br\/v1\/wp-json\/wp\/v2\/types\/post"}],"author":[{"embeddable":true,"href":"https:\/\/www.cacauechocolate.com.br\/v1\/wp-json\/wp\/v2\/users\/2"}],"replies":[{"embeddable":true,"href":"https:\/\/www.cacauechocolate.com.br\/v1\/wp-json\/wp\/v2\/comments?post=8491"}],"version-history":[{"count":1,"href":"https:\/\/www.cacauechocolate.com.br\/v1\/wp-json\/wp\/v2\/posts\/8491\/revisions"}],"predecessor-version":[{"id":8494,"href":"https:\/\/www.cacauechocolate.com.br\/v1\/wp-json\/wp\/v2\/posts\/8491\/revisions\/8494"}],"wp:featuredmedia":[{"embeddable":true,"href":"https:\/\/www.cacauechocolate.com.br\/v1\/wp-json\/wp\/v2\/media\/8495"}],"wp:attachment":[{"href":"https:\/\/www.cacauechocolate.com.br\/v1\/wp-json\/wp\/v2\/media?parent=8491"}],"wp:term":[{"taxonomy":"category","embeddable":true,"href":"https:\/\/www.cacauechocolate.com.br\/v1\/wp-json\/wp\/v2\/categories?post=8491"},{"taxonomy":"post_tag","embeddable":true,"href":"https:\/\/www.cacauechocolate.com.br\/v1\/wp-json\/wp\/v2\/tags?post=8491"}],"curies":[{"name":"wp","href":"https:\/\/api.w.org\/{rel}","templated":true}]}}