{"id":8543,"date":"2024-09-23T11:13:12","date_gmt":"2024-09-23T14:13:12","guid":{"rendered":"https:\/\/www.cacauechocolate.com.br\/v1\/?p=8543"},"modified":"2024-09-23T10:25:16","modified_gmt":"2024-09-23T13:25:16","slug":"projeto-turistico-cidade-dos-homens-de-barro-e-lancado-em-ibirataia","status":"publish","type":"post","link":"https:\/\/www.cacauechocolate.com.br\/v1\/2024\/09\/23\/projeto-turistico-cidade-dos-homens-de-barro-e-lancado-em-ibirataia\/","title":{"rendered":"Projeto  Cidade dos Homens de Barro \u00e9 lan\u00e7ado em Ibirataia"},"content":{"rendered":"<div>O XV Festival Queima dos Homens de Barro, na fazenda Cores da Terra, em Ibirataia, na Costa do Cacau, foi encerrado no \u00faltimo s\u00e1bado (21), ap\u00f3s quatro dias de atividades. Cerca de tr\u00eas mil baianos e turistas participaram da programa\u00e7\u00e3o, com manifesta\u00e7\u00f5es culturais, gastronomia e m\u00fasica. O evento celebra o trabalho da artista pl\u00e1stica Selma Calheira, que cria esculturas gigantes, de at\u00e9 oito metros de altura, por meio da transforma\u00e7\u00e3o de argila em cer\u00e2mica.<\/div>\n<p><img loading=\"lazy\" decoding=\"async\" class=\"aligncenter wp-image-8545\" src=\"https:\/\/www.cacauechocolate.com.br\/v1\/wp-content\/uploads\/2024\/09\/h-barro-33.jpg\" alt=\"\" width=\"423\" height=\"282\" srcset=\"https:\/\/www.cacauechocolate.com.br\/v1\/wp-content\/uploads\/2024\/09\/h-barro-33.jpg 696w, https:\/\/www.cacauechocolate.com.br\/v1\/wp-content\/uploads\/2024\/09\/h-barro-33-300x200.jpg 300w\" sizes=\"(max-width: 423px) 100vw, 423px\" \/><\/p>\n<div><\/div>\n<div>O festival, que recebeu o apoio da Secretaria de Turismo do Estado (Setur-BA), teve como ponto alto o lan\u00e7amento da maquete conceitual da Cidade dos Homens de Barro. O projeto idealizado pela artista prev\u00ea a implanta\u00e7\u00e3o de um museu a c\u00e9u aberto na regi\u00e3o, utilizando as esculturas que retratam a conex\u00e3o entre o povo e a terra, com anfiteatro e infraestrutura para receber visitantes. A ideia \u00e9 criar um novo atrativo na Costa do Cacau, por meio de parceria p\u00fablico-privada, incluindo a participa\u00e7\u00e3o da Setur-BA.<\/div>\n<div><\/div>\n<div>\u00a0\u201c \u00c9 um projeto de desenvolvimento, de melhoria da qualidade de vida das pessoas que moram aqui, unindo arte e turismo. Quando fa\u00e7o as esculturas gigantes, retrato o meu povo, que \u00e9 resiliente \u00e0s dificuldades. O museu ser\u00e1 uma forma de dar mais visibilidade ao munic\u00edpio e movimentar a economia\u201d, explicou Calheira.<\/div>\n<div><img loading=\"lazy\" decoding=\"async\" class=\"aligncenter wp-image-8546\" src=\"https:\/\/www.cacauechocolate.com.br\/v1\/wp-content\/uploads\/2024\/09\/h-barro-44.jpg\" alt=\"\" width=\"255\" height=\"383\" srcset=\"https:\/\/www.cacauechocolate.com.br\/v1\/wp-content\/uploads\/2024\/09\/h-barro-44.jpg 433w, https:\/\/www.cacauechocolate.com.br\/v1\/wp-content\/uploads\/2024\/09\/h-barro-44-200x300.jpg 200w\" sizes=\"(max-width: 255px) 100vw, 255px\" \/><\/div>\n<div><\/div>\n<div>\u00a0\u201c O Governo do Estado vai atuar na capacita\u00e7\u00e3o de m\u00e3o de obra e atra\u00e7\u00e3o de investimentos para esse novo equipamento tur\u00edstico e cultural, que ir\u00e1 dar mais proje\u00e7\u00e3o \u00e0 regi\u00e3o. Com isso, pretendemos aumentar o tempo de perman\u00eancia do visitante na Costa do Cacau\u201d, disse a diretora de Qualifica\u00e7\u00e3o da Setur-BA, Juliana Ara\u00fajo.<\/div>\n<div><\/div>\n<div>Pela primeira vez em Ibirataia, a mineira Etelvernea Rodrigues ficou encantada com o festival. \u201c Fiquei apaixonada pelo evento, que mostra a riqueza cultural da Bahia e incentiva os artistas. Estou aproveitando cada minuto dessa viagem de 15 dias pela Bahia, que \u00e9 o melhor lugar que existe \u201d, elogiou.<\/div>\n<div><img loading=\"lazy\" decoding=\"async\" class=\"aligncenter wp-image-8547\" src=\"https:\/\/www.cacauechocolate.com.br\/v1\/wp-content\/uploads\/2024\/09\/h-barro-111.jpg\" alt=\"\" width=\"402\" height=\"268\" srcset=\"https:\/\/www.cacauechocolate.com.br\/v1\/wp-content\/uploads\/2024\/09\/h-barro-111.jpg 480w, https:\/\/www.cacauechocolate.com.br\/v1\/wp-content\/uploads\/2024\/09\/h-barro-111-300x200.jpg 300w\" sizes=\"(max-width: 402px) 100vw, 402px\" \/><\/div>\n<div><\/div>\n<div>\u00a0\u201c \u00c9 a minha segunda vez nessa festa contagiante. Eu acho fant\u00e1stico esse resgate da cultura local. A Bahia \u00e9 maravilhosa. Aproveitei para passear tamb\u00e9m em Itacar\u00e9 e voltarei sempre\u201d, completou a paulista Fl\u00e1via Pircher.<\/div>\n<div><\/div>\n<div><\/div>\n<div>A\u00e7\u00f5es conjuntas- Ainda em Ibirataia, no domingo (22), Selma Calheira se reuniu com representantes da Setur-BA, do Servi\u00e7o Brasileiro de Apoio \u00e0s Micro e Pequenas Empresas ( Sebrae), Banco do Nordeste, Universidade Federal do Rec\u00f4ncavo da Bahia ( UFRB), TV Band e das empresas VAR Chocolates, Avatim e Eixo 4 Solu\u00e7\u00f5es Inteligentes. Eles discutiram a elabora\u00e7\u00e3o de um plano de trabalho e a prospec\u00e7\u00e3o de investidores, para a execu\u00e7\u00e3o do projeto da Cidade dos Homens de Barro.<\/div>\n<div><\/div>\n<div>(Fotos Divulga\u00e7\u00e3o)<\/div>\n<div><\/div>\n","protected":false},"excerpt":{"rendered":"<p>O XV Festival Queima dos Homens de Barro, na fazenda Cores da Terra, em Ibirataia, na Costa do Cacau, foi encerrado no \u00faltimo s\u00e1bado (21), ap\u00f3s quatro dias de atividades. Cerca de tr\u00eas mil baianos e turistas participaram da programa\u00e7\u00e3o, com manifesta\u00e7\u00f5es culturais, gastronomia e m\u00fasica. O evento celebra o trabalho da artista pl\u00e1stica Selma &hellip;<\/p>\n","protected":false},"author":2,"featured_media":8544,"comment_status":"open","ping_status":"open","sticky":false,"template":"","format":"standard","meta":{"footnotes":"","_links_to":"","_links_to_target":""},"categories":[3,1],"tags":[1857,1856,635],"class_list":["post-8543","post","type-post","status-publish","format-standard","has-post-thumbnail","hentry","category-destaques","category-geral","tag-cidade-dos-homens-de-barro","tag-ibirataia","tag-selma-calheira"],"views":772,"_links":{"self":[{"href":"https:\/\/www.cacauechocolate.com.br\/v1\/wp-json\/wp\/v2\/posts\/8543"}],"collection":[{"href":"https:\/\/www.cacauechocolate.com.br\/v1\/wp-json\/wp\/v2\/posts"}],"about":[{"href":"https:\/\/www.cacauechocolate.com.br\/v1\/wp-json\/wp\/v2\/types\/post"}],"author":[{"embeddable":true,"href":"https:\/\/www.cacauechocolate.com.br\/v1\/wp-json\/wp\/v2\/users\/2"}],"replies":[{"embeddable":true,"href":"https:\/\/www.cacauechocolate.com.br\/v1\/wp-json\/wp\/v2\/comments?post=8543"}],"version-history":[{"count":4,"href":"https:\/\/www.cacauechocolate.com.br\/v1\/wp-json\/wp\/v2\/posts\/8543\/revisions"}],"predecessor-version":[{"id":8551,"href":"https:\/\/www.cacauechocolate.com.br\/v1\/wp-json\/wp\/v2\/posts\/8543\/revisions\/8551"}],"wp:featuredmedia":[{"embeddable":true,"href":"https:\/\/www.cacauechocolate.com.br\/v1\/wp-json\/wp\/v2\/media\/8544"}],"wp:attachment":[{"href":"https:\/\/www.cacauechocolate.com.br\/v1\/wp-json\/wp\/v2\/media?parent=8543"}],"wp:term":[{"taxonomy":"category","embeddable":true,"href":"https:\/\/www.cacauechocolate.com.br\/v1\/wp-json\/wp\/v2\/categories?post=8543"},{"taxonomy":"post_tag","embeddable":true,"href":"https:\/\/www.cacauechocolate.com.br\/v1\/wp-json\/wp\/v2\/tags?post=8543"}],"curies":[{"name":"wp","href":"https:\/\/api.w.org\/{rel}","templated":true}]}}