{"id":8901,"date":"2024-10-24T10:13:52","date_gmt":"2024-10-24T13:13:52","guid":{"rendered":"https:\/\/www.cacauechocolate.com.br\/v1\/?p=8901"},"modified":"2024-10-23T15:42:38","modified_gmt":"2024-10-23T18:42:38","slug":"flicarezinha-tem-atracoes-para-o-publico-infantojuvenil-na-flicare-2024","status":"publish","type":"post","link":"https:\/\/www.cacauechocolate.com.br\/v1\/2024\/10\/24\/flicarezinha-tem-atracoes-para-o-publico-infantojuvenil-na-flicare-2024\/","title":{"rendered":"Flicarezinha tem atra\u00e7\u00f5es para o p\u00fablico infantojuvenil na Flicar\u00e9 2024"},"content":{"rendered":"<p>A\u00a0\u00a0 2\u00aa Edi\u00e7\u00e3o da Festa Liter\u00e1ria\u00a0 de Itacar\u00e9, que acontece de 24 a 26 de outubro na Pra\u00e7a S\u00e3o Miguel ter\u00e1 um espa\u00e7o dedicado ao p\u00fablico infantojuvenil. A Flicarezinha ter\u00e1 atividades como conta\u00e7\u00e3o de hist\u00f3rias, lan\u00e7amento de livros, apresenta\u00e7\u00e3o de escolas, bal\u00e9, dan\u00e7a, m\u00fasica e o concurso Cabelo Maluco.<\/p>\n<p><img loading=\"lazy\" decoding=\"async\" class=\"aligncenter wp-image-8866\" src=\"https:\/\/www.cacauechocolate.com.br\/v1\/wp-content\/uploads\/2024\/10\/PHOTO-2024-10-21-17-49-19.jpg\" alt=\"\" width=\"465\" height=\"273\" srcset=\"https:\/\/www.cacauechocolate.com.br\/v1\/wp-content\/uploads\/2024\/10\/PHOTO-2024-10-21-17-49-19.jpg 765w, https:\/\/www.cacauechocolate.com.br\/v1\/wp-content\/uploads\/2024\/10\/PHOTO-2024-10-21-17-49-19-300x176.jpg 300w\" sizes=\"(max-width: 465px) 100vw, 465px\" \/><\/p>\n<p>O curador da Flicar\u00e9, Rafael Gama, destaca que \u201ca Flicarezinha \u00e9 um espa\u00e7o importante para despertar o gosto pela literatura e outras manifesta\u00e7\u00f5es art\u00edsticas\u00a0 logo na inf\u00e2ncia e tamb\u00e9m para valorizar a rica cultura do Sul da Bahia, contribuindo para o surgimento n\u00e3o apenas de novos leitores, mas tamb\u00e9m de futuros autores\u201d.<\/p>\n<p>&nbsp;<\/p>\n<p>A Flicar\u00e9 2024 tem como tema\u00a0 &#8220;Do cacau ao chocolate: hist\u00f3rias, leituras e oralituras de Itacar\u00e9&#8221;.<\/p>\n<p>&nbsp;<\/p>\n<p>PROGRAMA\u00c7\u00c3O DA FLICAREZINHA<\/p>\n<p>&nbsp;<\/p>\n<p>&nbsp;<\/p>\n<p>DIA \u00a002 &#8211; 25\/10 \u2013 SEXTA-FEIRA<\/p>\n<p>MATUTINO<\/p>\n<p>08H \u2013 Acolhida com Animadoras<\/p>\n<p>Local: Palco Flicarezinha. \u2013 Pra\u00e7a S\u00e3o Miguel<\/p>\n<p>08H30 \u2013 Apresenta\u00e7\u00e3o das Escolas<\/p>\n<p>Projeto Pancada Grande: Movimento da disputa de Terra ao Cultivo do Cacau<\/p>\n<p>Joserinda Pereira: M\u00fasica \u2013 O Cacau<\/p>\n<p>09H \u2013 Apresenta\u00e7\u00e3o Circo Social<\/p>\n<p>09H30 \u2013 Apresenta\u00e7\u00e3o das Escolas<\/p>\n<p>Sebasti\u00e3o Apr\u00edgio Jos\u00e9 Santana: Par\u00f3dia Cacau.<\/p>\n<p>Reino da Alegria: Cantigas de Roda.<\/p>\n<p>10H \u2013 Conta\u00e7\u00e3o de Hist\u00f3ria<\/p>\n<p>Juliana Nunes<\/p>\n<p>10H30 \u2013 Conta\u00e7\u00e3o de Hist\u00f3ria<\/p>\n<p>Maria Rita Prudente<\/p>\n<p>Apresenta\u00e7\u00e3o Escolas<\/p>\n<p>Creche Municipal \u2013 O pequeno Cacau.<\/p>\n<p>11H -Lan\u00e7amento Coletivo<\/p>\n<p>Sess\u00e3o de Aut\u00f3grafos \u2013 Autores Regionais (Maria Rita Prudente, Leila Oliveira, Elisa Oliveira)<\/p>\n<p>11H30 \u2013 Apresenta\u00e7\u00e3o Escolas<\/p>\n<p>Jo\u00e3o Gomes de S\u00e1:<\/p>\n<p>Creche Raquel Maria Costa: Da mais vida ao Agricultor<\/p>\n<p>&nbsp;<\/p>\n<p>VESPERTINO<\/p>\n<p>13H15 \u2013 Integra\u00e7\u00e3o Cultural \u2013 Equipe Flicarezinha<\/p>\n<p>13H45 \u2013 Bal\u00e9 Dancarte<\/p>\n<p>14H\u00a0 Apresenta\u00e7\u00e3o Escolas<\/p>\n<p>Joserinda Pereira \u2013 M\u00fasica Chocolate<\/p>\n<p>Escola Jo\u00e3o Gomes de S\u00e1 \u2013<\/p>\n<p>14H15 &#8211; Espet\u00e1culo de Dan\u00e7a<\/p>\n<p>Lis Campos<\/p>\n<p>14H30 \u2013 Apresenta\u00e7\u00e3o Escola<\/p>\n<p>Creche Raquel Maria Costa: A Sementinha<\/p>\n<p>&nbsp;<\/p>\n<p>15H \u2013 Conta\u00e7\u00e3o de Hist\u00f3ria<\/p>\n<p>Daniel J\u00fanior e P\u00e9tala<\/p>\n<p>15H15 \u2013 Conta\u00e7\u00e3o de Hist\u00f3ria<\/p>\n<p>Rog\u00e9rio Medrado<\/p>\n<p>15H40 \u2013 Conta\u00e7\u00e3o de Hist\u00f3ria<\/p>\n<p>Norma Constanza Ospina<\/p>\n<p>16H \u2013 Apresenta\u00e7\u00e3o Circo da Lua<\/p>\n<p>&nbsp;<\/p>\n<p>DIA \u00a003 &#8211; 26\/10 \u2013 S\u00c1BADO<\/p>\n<p>08H30 \u2013Integra\u00e7\u00e3o Cultural com Animadoras<\/p>\n<p>Local: Palco Flicarezinha. \u2013 Pra\u00e7a S\u00e3o Miguel<\/p>\n<p>09H &#8211; Conta\u00e7\u00e3o de Hist\u00f3ria<\/p>\n<p>Terezinha Passos<\/p>\n<p>09H30 \u2013 Conta\u00e7\u00e3o de Hist\u00f3ria<\/p>\n<p>Maria Rita Prudente<\/p>\n<p>10H20 \u2013 Conta\u00e7\u00e3o de Hist\u00f3ria<\/p>\n<p>Leila Oliveira<\/p>\n<p>11H \u2013 Roda de Conversa com Escritores<\/p>\n<p>Maria Rita Prudente, Leila Oliveira, Elisa Oliveira<\/p>\n<p>&nbsp;<\/p>\n<p>VESPERTINO<\/p>\n<p>&nbsp;<\/p>\n<p>13H30 \u2013 Concurso Cabelo Maluco<\/p>\n<p>16H &#8211;<\/p>\n","protected":false},"excerpt":{"rendered":"<p>A\u00a0\u00a0 2\u00aa Edi\u00e7\u00e3o da Festa Liter\u00e1ria\u00a0 de Itacar\u00e9, que acontece de 24 a 26 de outubro na Pra\u00e7a S\u00e3o Miguel ter\u00e1 um espa\u00e7o dedicado ao p\u00fablico infantojuvenil. A Flicarezinha ter\u00e1 atividades como conta\u00e7\u00e3o de hist\u00f3rias, lan\u00e7amento de livros, apresenta\u00e7\u00e3o de escolas, bal\u00e9, dan\u00e7a, m\u00fasica e o concurso Cabelo Maluco. O curador da Flicar\u00e9, Rafael Gama, &hellip;<\/p>\n","protected":false},"author":2,"featured_media":8902,"comment_status":"open","ping_status":"open","sticky":false,"template":"","format":"standard","meta":{"footnotes":"","_links_to":"","_links_to_target":""},"categories":[3,1],"tags":[2055,2054,5,6],"class_list":["post-8901","post","type-post","status-publish","format-standard","has-post-thumbnail","hentry","category-destaques","category-geral","tag-flicare-2024","tag-flicarezinha","tag-itacare","tag-sul-da-bahia"],"views":716,"_links":{"self":[{"href":"https:\/\/www.cacauechocolate.com.br\/v1\/wp-json\/wp\/v2\/posts\/8901"}],"collection":[{"href":"https:\/\/www.cacauechocolate.com.br\/v1\/wp-json\/wp\/v2\/posts"}],"about":[{"href":"https:\/\/www.cacauechocolate.com.br\/v1\/wp-json\/wp\/v2\/types\/post"}],"author":[{"embeddable":true,"href":"https:\/\/www.cacauechocolate.com.br\/v1\/wp-json\/wp\/v2\/users\/2"}],"replies":[{"embeddable":true,"href":"https:\/\/www.cacauechocolate.com.br\/v1\/wp-json\/wp\/v2\/comments?post=8901"}],"version-history":[{"count":1,"href":"https:\/\/www.cacauechocolate.com.br\/v1\/wp-json\/wp\/v2\/posts\/8901\/revisions"}],"predecessor-version":[{"id":8903,"href":"https:\/\/www.cacauechocolate.com.br\/v1\/wp-json\/wp\/v2\/posts\/8901\/revisions\/8903"}],"wp:featuredmedia":[{"embeddable":true,"href":"https:\/\/www.cacauechocolate.com.br\/v1\/wp-json\/wp\/v2\/media\/8902"}],"wp:attachment":[{"href":"https:\/\/www.cacauechocolate.com.br\/v1\/wp-json\/wp\/v2\/media?parent=8901"}],"wp:term":[{"taxonomy":"category","embeddable":true,"href":"https:\/\/www.cacauechocolate.com.br\/v1\/wp-json\/wp\/v2\/categories?post=8901"},{"taxonomy":"post_tag","embeddable":true,"href":"https:\/\/www.cacauechocolate.com.br\/v1\/wp-json\/wp\/v2\/tags?post=8901"}],"curies":[{"name":"wp","href":"https:\/\/api.w.org\/{rel}","templated":true}]}}